{"id":570,"date":"2014-10-29T11:52:01","date_gmt":"2014-10-29T11:52:01","guid":{"rendered":"https:\/\/blocs.tinet.cat\/desdelsenyilarauxa\/?p=570"},"modified":"2014-10-29T11:54:38","modified_gmt":"2014-10-29T11:54:38","slug":"la-colla-escola-de-vida","status":"publish","type":"post","link":"https:\/\/blocs.tinet.cat\/desdelsenyilarauxa\/2014\/10\/29\/la-colla-escola-de-vida\/","title":{"rendered":"LA COLLA, ESCOLA DE VIDA"},"content":{"rendered":"<p style=\"text-align: center\"><img loading=\"lazy\" decoding=\"async\" class=\"aligncenter size-large wp-image-571\" src=\"https:\/\/blocs.tinet.cat\/desdelsenyilarauxa\/files\/2014\/10\/Sant-\u00darsula-2014.jpg-Marta-Arjona-1024x683.jpg\" alt=\"\" width=\"640\" height=\"426\" srcset=\"https:\/\/blocs.tinet.cat\/desdelsenyilarauxa\/files\/2014\/10\/Sant-\u00darsula-2014.jpg-Marta-Arjona-1024x683.jpg 1024w, https:\/\/blocs.tinet.cat\/desdelsenyilarauxa\/files\/2014\/10\/Sant-\u00darsula-2014.jpg-Marta-Arjona-300x200.jpg 300w, https:\/\/blocs.tinet.cat\/desdelsenyilarauxa\/files\/2014\/10\/Sant-\u00darsula-2014.jpg-Marta-Arjona.jpg 2048w\" sizes=\"auto, (max-width: 640px) 100vw, 640px\" \/><em>fotografia: Marta Arjona (Santa \u00darsula 2014)<\/em><\/p>\n<p style=\"text-align: justify\">Ara que s&#8217;acaba la temporada, les colles, els cronistes castellers i tota l&#8217;afecci\u00f3 castellera fan un rep\u00e0s exhaustiu de la fabulosa temporada castellera que en conjunt han protagonitzat les colles castelleres arreu de la nostra geografia. Sens dubte, el 2014 ha estat un any excepcional. Una conclusi\u00f3 r\u00e0pida \u00e9s que <strong>el m\u00f3n casteller ha  posat aquest 2014 el nivell molt alt, tant quantitativament, com qualitativa.<\/strong><\/p>\n<p style=\"text-align: justify\">Per\u00f2 jo <strong>no vull fer un balan\u00e7 casteller relatiu als \u00e8xits castellers, sin\u00f3 un altre tipus de balan\u00e7<\/strong> que crec que tota colla hauria de fer a final de temporada. No far\u00e9 un balan\u00e7 com a tal, sin\u00f3 indicant els par\u00e0metres que, en la meva opini\u00f3, haurien d&#8217;emmarcar aquest tipus de balan\u00e7.<\/p>\n<p style=\"text-align: justify\">Alguns us deveu preguntar: I qu\u00e8 coi ens proposa ara aquest?<\/p>\n<p style=\"text-align: justify\">Doncs tot seguit ho detallo.<\/p>\n<p style=\"text-align: justify\">En primer lloc, encara que l&#8217;exposat podria valdre per a qualsevol colla, tinc la mirada fixada en la meva colla, la Colla Joves Xiquets de Valls. \u00c9s la colla que personalment m&#8217;interessa.<\/p>\n<p style=\"text-align: justify\">Cal abans que res, situar el marc. <strong>Un marc que fa d&#8217;una colla castellera un tipus d&#8217;entitat \u00fanica i excepcional<\/strong>, per diverses raons. Algunes ja han estat assenyalades.<\/p>\n<p style=\"text-align: justify\"><strong>La conviv\u00e8ncia<\/strong>.<\/p>\n<p style=\"text-align: justify\"><strong>I. L&#8217;espai<\/strong><\/p>\n<p style=\"text-align: justify\">L&#8217;espai de conviv\u00e8ncia de la colla \u00e9s divers. En primer lloc tenim <strong>el local<\/strong>. Avui dia totes les colles o la gran majoria tenen a la seva disposici\u00f3 un local social, ja sigui de la seva propietat, municipal o b\u00e9 compartit amb altres entitats. El local \u00e9s el lloc on la colla prepara la seva activitat principal, els castells. Hi assaja, hi juga, hi pren un refresc, s&#8217;hi reuneix, es gestiona l&#8217;entitat, es d\u00f3na forma als somnis, etc. El local o seu social \u00e9s, doncs, un espai important en la vida d&#8217;una colla. Conv\u00e9, per tant, que aquest tingui unes instal\u00b7lacions adequades al seu \u00fas. <strong>Aquest \u00e9s el seu espai vital en l&#8217;\u00e0mbit privat<\/strong>.<\/p>\n<p style=\"text-align: justify\">Un altre espai de conviv\u00e8ncia \u00e9s <strong>la pla\u00e7a<\/strong>. Les places p\u00fabliques del nostre pa\u00eds s\u00f3n l&#8217;espai propi de les colles per a fer-hi els seus castells. Els acostumem a fer en el marc de les festes majors o fires dels pobles i ciutats que ens conviden. \u00c9s en aquest \u00e0mbit, doncs, on la colla ofereix la seva imatge p\u00fablica. M\u00e9s enll\u00e0 dels castells que hi oferim, \u00e9s a la pla\u00e7a on ens exposem davant la ciutadania, on hi exposem els nostres valors, la nostra educaci\u00f3, el nostre civisme, etc. <strong>A la pla\u00e7a no tan sols convivim nosaltres sin\u00f3 que ho fem en relaci\u00f3 al p\u00fablic en general<\/strong>.<\/p>\n<p style=\"text-align: justify\">\u00c9s evident que <strong>a la pla\u00e7a hi traslladem la nostra identitat<\/strong>. Una identitat que es comen\u00e7a a forjar en el nostre \u00e0mbit privat, el del local o seu social. El que all\u00e0 hi fem, com ens relacionem i com actuem, col\u00b7lectivament i individual, t\u00e9 una translaci\u00f3 evident a l&#8217;espai p\u00fablic.<\/p>\n<p style=\"text-align: justify\"><strong>II. Qui conviu?<\/strong><\/p>\n<p style=\"text-align: justify\">S&#8217;ha ressaltat moltes vegades que una de les riqueses de les colles castelleres \u00e9s el fet que en el seu si hi conviuen una gran <strong>diversitat<\/strong> de persones. Diversitat que trobem en diferents segments.<\/p>\n<p style=\"text-align: justify\"><strong>Diversitat generacional<\/strong>. A la colla hi convivim des dels infants m\u00e9s menuts, alguns encara en cotxet, fins a les persones m\u00e9s grans ja jubilades i en la darrera etapa de la vida. Entremig una gran varietat d&#8217;edats s&#8217;hi relacionen.<\/p>\n<p style=\"text-align: justify\">No hi trobem, nom\u00e9s, aquesta diversitat. Tenim, tamb\u00e9 una <strong>diversitat social<\/strong>. En els \u00e0mbits espacials de la colla hi ha rics i pobres, gent d&#8217;esquerres i gent de dretes, gent m\u00e9s conservadora i gent m\u00e9s progressista, gent creient i gent atea, gent de nacionalitats i races diverses, etc.<\/p>\n<p style=\"text-align: justify\">En definitiva, doncs, en els espais propis de la colla hi trobem una diversitat humana extraordin\u00e0ria.  Podem concloure que som dipositaris d&#8217;aquesta diversitat. Vaja, <strong>som dipositaris d&#8217;un tresor hum\u00e0 unit per l&#8217;afany d&#8217;enlairar castells<\/strong>.<\/p>\n<p style=\"text-align: justify\"><strong>III. Els valors<\/strong><\/p>\n<p style=\"text-align: justify\">Aquesta gran diversitat que \u00e9s un tresor incalculable est\u00e0 cohesionada al voltant de l&#8217;art de fer castells. Nom\u00e9s aix\u00f2? Jo penso que no. Essent els castells la nostra activitat principal, hi ha altres elements cohesionadors que no haur\u00edem d&#8217;oblidar o menysprear. Penso que aquests altres elements cohesionadors passen pels <strong>valors col\u00b7lectius i individuals que identifiquen la nostra colla<\/strong>.<\/p>\n<p style=\"text-align: justify\"><strong>Valors que cal manifestar i practicar en l&#8217;\u00e0mbit privat on es gesta la nostra identitat <\/strong>(el local o seu social)<strong> i que s&#8217;expressen en l&#8217;\u00e0mbit p\u00fablic quan acudim col\u00b7lectivament a les places del nostre pa\u00eds representant la nostra colla<\/strong>.<\/p>\n<p style=\"text-align: justify\">\u00c9s en l&#8217;\u00e0mbit p\u00fablic on la colla mostra aquesta identitat pr\u00f2pia i on ens exposem al judici p\u00fablic dels nostres actes. Per\u00f2 \u00e9s en l&#8217;\u00e0mbit privat on elaborem aquesta identitat.<\/p>\n<p style=\"text-align: justify\"><strong>Ens preguntem suficientment sobre el fet si treballem tot el que cal aquest aspecte?<\/strong> Jo penso que no.<\/p>\n<p style=\"text-align: justify\">En primer lloc, i com ja he escrit alguna altra vegada, crec que com a colla tenim una responsabilitat que se&#8217;ns exigeix i que hem de saber respondre. Com he dit, a la colla hi tenim molta canalla, pe\u00e7a fonamental dels castells. Canalla que puja i canalla que sense pujar conviu entre nosaltres al llarg de moltes hores a l&#8217;any. <strong>Tenim prou en compte la nostra funci\u00f3 educadora envers ells?<\/strong> Penso que en general no en som conscients. La fam\u00edlia n&#8217;\u00e9s la seva principal responsable, \u00e9s cert. L&#8217;escola tamb\u00e9. Per\u00f2 nosaltres en som igual de responsables. Si m\u00e9s no, aquesta \u00e9s la meva convicci\u00f3. Passen moltes hores entre nosaltres i imiten els nostres comportaments, les nostres conductes. <strong>Aquesta responsabilitat no la podem eludir<\/strong>. Ni en la seva cura i seguretat, ni en la transmissi\u00f3 de valors com responsabilitat en els equipaments que posem a la seva disposici\u00f3, la roba que els donem, el respecte envers els altres, respecte a la diversitat, respecte envers els grans, comportament p\u00fablic, etc. Aquesta, des del meu punt de vista <strong>\u00e9s una tasca que la colla no pot espolsar-se de damunt<\/strong>.<\/p>\n<p style=\"text-align: justify\"><strong>Els grans tamb\u00e9 tenim una responsabilitat general<\/strong>. El nostre comportament s&#8217;encomana als petits. Si \u00e9s positiu el seu tamb\u00e9 ho ser\u00e0. Si \u00e9s negatiu, el seu tamb\u00e9 ho ser\u00e0. Si respectem les places on anem, ells tamb\u00e9 ho faran.<\/p>\n<p style=\"text-align: justify\"><strong>Tenim una responsabilitat afegida. Em refereixo a la gesti\u00f3 de les emocions<\/strong>. Com assimilem els \u00e8xits i els fracassos? Aquest \u00e9s un aspecte important\u00edssim de les nostres colles. A vegades triomfem, a vegades fracassem. Com gestionem una cosa i l&#8217;altra, marca com els m\u00e9s petits gestionen les seves emocions. Tenim m\u00faltiples exemples del que no hem de fer davant l&#8217;\u00e8xit o el frac\u00e0s. M\u00e9s sovint davant l&#8217;\u00e8xit i molt sovint entre els nostres adolescents. <strong>Com fem les nostres celebracions, quines piulades escrivim, quins \u00e0udios gravem, quins esl\u00f2gans cridem, com respectem l&#8217;adversari, com gestionem les persones com a recursos humans per a la colla, etc. <\/strong><\/p>\n<p style=\"text-align: justify\"><strong>Tot aix\u00f2 tamb\u00e9 hauria de formar part de l&#8217;avaluaci\u00f3 final que fem d&#8217;una temporada<\/strong>.<\/p>\n<p style=\"text-align: justify\"><strong>IV. Conclusi\u00f3<\/strong><\/p>\n<p style=\"text-align: justify\">Les colles castelleres, com ja hem assenyalat, tenen unes caracter\u00edstiques que les fan \u00faniques. Molts dels seus components hi han crescut des de ben petits i s&#8217;hi han fet grans. La relaci\u00f3 \u00e9s continuada i per molts anys i la conviv\u00e8ncia amb gent diversa \u00e9s \u00fanica. <strong>Tot plegat conforma un tresor que hem de preservar i actualitzar cont\u00ednuament, fidels al nostre passat. No el malbaratem<\/strong>.<\/p>\n<p>&nbsp;<\/p>\n","protected":false},"excerpt":{"rendered":"<p>fotografia: Marta Arjona (Santa \u00darsula 2014) Ara que s&#8217;acaba la temporada, les colles, els cronistes castellers i tota l&#8217;afecci\u00f3 castellera fan un rep\u00e0s exhaustiu de la fabulosa temporada castellera que en conjunt han protagonitzat les colles castelleres arreu de la &hellip; <a href=\"https:\/\/blocs.tinet.cat\/desdelsenyilarauxa\/2014\/10\/29\/la-colla-escola-de-vida\/\">Continua llegint <span class=\"meta-nav\">&rarr;<\/span><\/a><\/p>\n","protected":false},"author":45,"featured_media":0,"comment_status":"open","ping_status":"open","sticky":false,"template":"","format":"standard","meta":{"footnotes":""},"categories":[1],"tags":[],"class_list":["post-570","post","type-post","status-publish","format-standard","hentry","category-general"],"_links":{"self":[{"href":"https:\/\/blocs.tinet.cat\/desdelsenyilarauxa\/wp-json\/wp\/v2\/posts\/570","targetHints":{"allow":["GET"]}}],"collection":[{"href":"https:\/\/blocs.tinet.cat\/desdelsenyilarauxa\/wp-json\/wp\/v2\/posts"}],"about":[{"href":"https:\/\/blocs.tinet.cat\/desdelsenyilarauxa\/wp-json\/wp\/v2\/types\/post"}],"author":[{"embeddable":true,"href":"https:\/\/blocs.tinet.cat\/desdelsenyilarauxa\/wp-json\/wp\/v2\/users\/45"}],"replies":[{"embeddable":true,"href":"https:\/\/blocs.tinet.cat\/desdelsenyilarauxa\/wp-json\/wp\/v2\/comments?post=570"}],"version-history":[{"count":0,"href":"https:\/\/blocs.tinet.cat\/desdelsenyilarauxa\/wp-json\/wp\/v2\/posts\/570\/revisions"}],"wp:attachment":[{"href":"https:\/\/blocs.tinet.cat\/desdelsenyilarauxa\/wp-json\/wp\/v2\/media?parent=570"}],"wp:term":[{"taxonomy":"category","embeddable":true,"href":"https:\/\/blocs.tinet.cat\/desdelsenyilarauxa\/wp-json\/wp\/v2\/categories?post=570"},{"taxonomy":"post_tag","embeddable":true,"href":"https:\/\/blocs.tinet.cat\/desdelsenyilarauxa\/wp-json\/wp\/v2\/tags?post=570"}],"curies":[{"name":"wp","href":"https:\/\/api.w.org\/{rel}","templated":true}]}}