{"id":537,"date":"2014-01-19T21:02:37","date_gmt":"2014-01-19T21:02:37","guid":{"rendered":"https:\/\/blocs.tinet.cat\/desdelsenyilarauxa\/?p=537"},"modified":"2014-01-19T21:02:37","modified_gmt":"2014-01-19T21:02:37","slug":"un-cardenal-que-ens-podiem-estalviar","status":"publish","type":"post","link":"https:\/\/blocs.tinet.cat\/desdelsenyilarauxa\/2014\/01\/19\/un-cardenal-que-ens-podiem-estalviar\/","title":{"rendered":"Un cardenal que ens pod\u00edem estalviar"},"content":{"rendered":"<p style=\"text-align: center\"><img loading=\"lazy\" decoding=\"async\" class=\"aligncenter size-medium wp-image-538\" src=\"https:\/\/blocs.tinet.cat\/desdelsenyilarauxa\/files\/2014\/01\/Fernando-Sebastian-EFE_ARAIMA20140119_0161_5-300x199.jpg\" alt=\"\" width=\"300\" height=\"199\" srcset=\"https:\/\/blocs.tinet.cat\/desdelsenyilarauxa\/files\/2014\/01\/Fernando-Sebastian-EFE_ARAIMA20140119_0161_5-300x199.jpg 300w, https:\/\/blocs.tinet.cat\/desdelsenyilarauxa\/files\/2014\/01\/Fernando-Sebastian-EFE_ARAIMA20140119_0161_5.jpg 900w\" sizes=\"auto, (max-width: 300px) 100vw, 300px\" \/><\/p>\n<p style=\"text-align: justify\">El nou cardenal espanyol que en els pr\u00f2xims dies rebr\u00e0 els s\u00edmbols de poder i aristocr\u00e0cia eclesi\u00e0stica a Roma, s&#8217;ha despatxat a gust dient que l&#8217;homosexualitat &#8220;<em>\u00e9s una defici\u00e8ncia que es pot normalitzar<\/em>&#8220;. I, tot seguit, l&#8217;ha comparada a un la hipertensi\u00f3. Parla de l&#8217;homosexualitat com d&#8217;un error i diu que un gai es pot normalitzar. I pensar que aquest senyor va estudiar a Valls i va ser a la meva ciutat on va ser ordenat sacerdot! Els claretians que podien estar satisfets amb el fet de comptar amb un nou cardenal, ara potser haguessin preferit que el nomenament hagu\u00e9s recaigut sobre alg\u00fa altre.<\/p>\n<p style=\"text-align: justify\">Semblava que el nou papa de Roma estava m\u00e9s per desobsessionar l&#8217;esgl\u00e9sia d&#8217;alguns temes que semblen l&#8217;epicentre de la labor eclesi\u00e0stica. Per\u00f2 l&#8217;elecci\u00f3 de Sebastian sembla que contradiu una mica les paraules del pont\u00edfex rom\u00e0.<\/p>\n<p style=\"text-align: justify\">Ara alguns representants de l&#8217;esgl\u00e9sia espanyola estan contents amb la retallada legislativa en el tema de l&#8217;avortament. Jo no s\u00f3c ni proavortista, ni antiavortista. Tinc el meu pensament respecte a la q\u00fcesti\u00f3, per\u00f2 el que no accepto \u00e9s que l&#8217;esgl\u00e9sia com a instituci\u00f3 vulgui influir sobre l&#8217;estructura legislativa de la societat.<\/p>\n<p style=\"text-align: justify\">\u00c9s com si els cat\u00f2lics vulguessin que la llibertat religiosa, legislativament parlant, nom\u00e9s fos possible per a ells, bandejant les altres confessions religioses. Que existeixi una legislaci\u00f3 sobre l&#8217;avortament no obliga ning\u00fa a avortar, per\u00f2 amb les limitacions \u00e8tiques i legislatives corresponents, permet que qui en vulgui fer \u00fas tingui el dret a fer-ho.<\/p>\n<p style=\"text-align: justify\">Feina tindr\u00e0 el Papa Francesc per treure l&#8217;obsessi\u00f3 i fixaci\u00f3 d&#8217;alguns representants eclesi\u00e0stics en temes com l&#8217;avortament, la sexualitat, els m\u00e8todes anticonceptius, etc.<\/p>\n<p style=\"text-align: justify\">&nbsp;<\/p>\n<p style=\"text-align: justify\">&nbsp;<\/p>\n","protected":false},"excerpt":{"rendered":"<p>El nou cardenal espanyol que en els pr\u00f2xims dies rebr\u00e0 els s\u00edmbols de poder i aristocr\u00e0cia eclesi\u00e0stica a Roma, s&#8217;ha despatxat a gust dient que l&#8217;homosexualitat &#8220;\u00e9s una defici\u00e8ncia que es pot normalitzar&#8220;. I, tot seguit, l&#8217;ha comparada a un &hellip; <a href=\"https:\/\/blocs.tinet.cat\/desdelsenyilarauxa\/2014\/01\/19\/un-cardenal-que-ens-podiem-estalviar\/\">Continua llegint <span class=\"meta-nav\">&rarr;<\/span><\/a><\/p>\n","protected":false},"author":45,"featured_media":0,"comment_status":"open","ping_status":"open","sticky":false,"template":"","format":"standard","meta":{"footnotes":""},"categories":[1],"tags":[],"class_list":["post-537","post","type-post","status-publish","format-standard","hentry","category-general"],"_links":{"self":[{"href":"https:\/\/blocs.tinet.cat\/desdelsenyilarauxa\/wp-json\/wp\/v2\/posts\/537","targetHints":{"allow":["GET"]}}],"collection":[{"href":"https:\/\/blocs.tinet.cat\/desdelsenyilarauxa\/wp-json\/wp\/v2\/posts"}],"about":[{"href":"https:\/\/blocs.tinet.cat\/desdelsenyilarauxa\/wp-json\/wp\/v2\/types\/post"}],"author":[{"embeddable":true,"href":"https:\/\/blocs.tinet.cat\/desdelsenyilarauxa\/wp-json\/wp\/v2\/users\/45"}],"replies":[{"embeddable":true,"href":"https:\/\/blocs.tinet.cat\/desdelsenyilarauxa\/wp-json\/wp\/v2\/comments?post=537"}],"version-history":[{"count":0,"href":"https:\/\/blocs.tinet.cat\/desdelsenyilarauxa\/wp-json\/wp\/v2\/posts\/537\/revisions"}],"wp:attachment":[{"href":"https:\/\/blocs.tinet.cat\/desdelsenyilarauxa\/wp-json\/wp\/v2\/media?parent=537"}],"wp:term":[{"taxonomy":"category","embeddable":true,"href":"https:\/\/blocs.tinet.cat\/desdelsenyilarauxa\/wp-json\/wp\/v2\/categories?post=537"},{"taxonomy":"post_tag","embeddable":true,"href":"https:\/\/blocs.tinet.cat\/desdelsenyilarauxa\/wp-json\/wp\/v2\/tags?post=537"}],"curies":[{"name":"wp","href":"https:\/\/api.w.org\/{rel}","templated":true}]}}