{"id":502,"date":"2013-08-10T10:27:35","date_gmt":"2013-08-10T10:27:35","guid":{"rendered":"https:\/\/blocs.tinet.cat\/desdelsenyilarauxa\/?p=502"},"modified":"2013-08-10T10:27:35","modified_gmt":"2013-08-10T10:27:35","slug":"usurers-contra-la-dignitat-humana","status":"publish","type":"post","link":"https:\/\/blocs.tinet.cat\/desdelsenyilarauxa\/2013\/08\/10\/usurers-contra-la-dignitat-humana\/","title":{"rendered":"Usurers contra la dignitat humana"},"content":{"rendered":"<p style=\"text-align: justify\"><img loading=\"lazy\" decoding=\"async\" class=\"size-medium wp-image-503 aligncenter\" src=\"https:\/\/blocs.tinet.cat\/desdelsenyilarauxa\/files\/2013\/08\/preso-de-la-pobresa-248x300.jpg\" alt=\"\" width=\"248\" height=\"300\" srcset=\"https:\/\/blocs.tinet.cat\/desdelsenyilarauxa\/files\/2013\/08\/preso-de-la-pobresa-248x300.jpg 248w, https:\/\/blocs.tinet.cat\/desdelsenyilarauxa\/files\/2013\/08\/preso-de-la-pobresa.jpg 283w\" sizes=\"auto, (max-width: 248px) 100vw, 248px\" \/>En una mateixa setmana, la que avui finalitzem, dues institucions per les quals no sento cap mena de simpatia s&#8217;han atrevit a fer dues propostes que exemplifiquen el poc respecte que els poders econ\u00f2mics mundials senten per les persones treballadores. De fet, m&#8217;atreveixo a dir que no senten cap mena de respecte envers les persones en general, tant si s\u00f3n treballadores com si no. Encara diria m\u00e9s. S\u00f3n nost\u00e0lgics dels temps en els quals la societat es dividia en amos i esclaus, persones lliures i oprimits.<\/p>\n<p style=\"text-align: justify\">Per una banda, l&#8217;errant FMI (Fons Monetari Internacional) ha proposat que els treballadors del Regne d&#8217;Espanya es rebaixin el sou un 10 per cent. Imagino que deuen oblidar el percentatge que ja han devaluat dels seus sous en els darrers anys de crisi, ja sigui per la via directa o per la p\u00e8rdua de poder adquisitiu respecte a la inflaci\u00f3 i que no ha estat compensat pels increments de salaris. De fet, s\u00f3n milers les persones que encara tenen la sort de treballar a les quals se&#8217;ls ha rebaixat el salari, o b\u00e9 se&#8217;ls ha congelat, i a m\u00e9s han vist empitjorades les seves condicions de treball.<\/p>\n<p style=\"text-align: justify\">Per l&#8217;altra banda, la CEOE, aquesta partonal espanyola dirigida per patrons sense empreses, ha proposat que als treballadors fixos i a jornada completa se&#8217;ls pugui reconvertir el seu contracte a temps parcial. Aix\u00f2 s\u00ed, sempre segons la voluntat exclusiva dels empresaris. L&#8217;objectiu caritatiu que esgrimeixen \u00e9s el de la salvaguarda dels llocs de treball.<\/p>\n<p style=\"text-align: justify\">Les dues organitzacions que farien b\u00e9 de mantenir-se calladetes despr\u00e9s del desprestigi que ambdues han sofert en els darrers anys s\u00f3n dues organitzacions de poca-vergonyes. Una la dirigia un senyor que sembla que dirigia un xiringuito sexual per satisfer el\u00a0 seu insaciable apetit sexual. L&#8217;altra la dirigia un exdirigent del sindicat vertical franquista que mai no va tenir una empresa i despr\u00e9s un altre que es va dedicar a enfonsar les empreses que dirigia i que est\u00e0 encausat judicialment.<\/p>\n<p style=\"text-align: justify\">L&#8217;FMI va enfonsar l&#8217;Argentina i tot sud-am\u00e8rica amb les seves imposicions econ\u00f2miques. Despr\u00e9s s&#8217;ha erigit en palad\u00ed de l&#8217;austeritat a la UE, en pa\u00efsos com Gr\u00e8cia i d&#8217;altres. Tot seguit no va tenir vergonya en denostar la mateixa UE per imposar tanta austeritat, en veure que les mesures de l&#8217;austericidi no funcionaven. Com si ells no hi haguessin tingut res a veure.<\/p>\n<p style=\"text-align: justify\">La CEOE tamb\u00e9 s&#8217;hi ha llu\u00eft. Despr\u00e9s de fer fracassar la concertaci\u00f3 social, va imposar al govern espanyol una reforma laboral que ha portat als ciutadans del seu estat a l&#8217;escandalosa xifra de gaireb\u00e9 el 28 per cent d&#8217;aturats. Del govern espanyol m\u00e9s val no parlar-ne.<\/p>\n<p style=\"text-align: justify\">Doncs, no. Que s\u00e0piguen que alguns ciutadans no estem disposats a claudicar davant les receptes prescrites per aquests poderosos de guant blanc. Algunes persones no estem disposades a claudicar, ni a agenollar-nos davant d&#8217;ells. Estem disposats a combatre&#8217;ls. No s\u00e9 si serem molts o pocs, per\u00f2 en serem uns quants. Particularment, estic disposat a morir dignament de gana abans que malvendre la meva dignitat com a persona. No penso tolerar que els que haurien d&#8217;estar engarjolats per la seva responsabilitat en la crisi que vivim (banquers, governs, institucions econ\u00f2miques, etc) em reclamin i em robin all\u00f2 que em fa ser persona, la meva dignitat. O sigui que aqu\u00ed n&#8217;hi ha un que no s&#8217;agenollar\u00e0 davant d&#8217;ells i que pensa mantenir-se dignament a peu dret, costi el que costi.<\/p>\n","protected":false},"excerpt":{"rendered":"<p>En una mateixa setmana, la que avui finalitzem, dues institucions per les quals no sento cap mena de simpatia s&#8217;han atrevit a fer dues propostes que exemplifiquen el poc respecte que els poders econ\u00f2mics mundials senten per les persones treballadores. &hellip; <a href=\"https:\/\/blocs.tinet.cat\/desdelsenyilarauxa\/2013\/08\/10\/usurers-contra-la-dignitat-humana\/\">Continua llegint <span class=\"meta-nav\">&rarr;<\/span><\/a><\/p>\n","protected":false},"author":45,"featured_media":0,"comment_status":"open","ping_status":"open","sticky":false,"template":"","format":"standard","meta":{"footnotes":""},"categories":[1,9,6],"tags":[58,59,57],"class_list":["post-502","post","type-post","status-publish","format-standard","hentry","category-general","category-mon","category-personal","tag-ceoe","tag-dignitat","tag-fmi"],"_links":{"self":[{"href":"https:\/\/blocs.tinet.cat\/desdelsenyilarauxa\/wp-json\/wp\/v2\/posts\/502","targetHints":{"allow":["GET"]}}],"collection":[{"href":"https:\/\/blocs.tinet.cat\/desdelsenyilarauxa\/wp-json\/wp\/v2\/posts"}],"about":[{"href":"https:\/\/blocs.tinet.cat\/desdelsenyilarauxa\/wp-json\/wp\/v2\/types\/post"}],"author":[{"embeddable":true,"href":"https:\/\/blocs.tinet.cat\/desdelsenyilarauxa\/wp-json\/wp\/v2\/users\/45"}],"replies":[{"embeddable":true,"href":"https:\/\/blocs.tinet.cat\/desdelsenyilarauxa\/wp-json\/wp\/v2\/comments?post=502"}],"version-history":[{"count":0,"href":"https:\/\/blocs.tinet.cat\/desdelsenyilarauxa\/wp-json\/wp\/v2\/posts\/502\/revisions"}],"wp:attachment":[{"href":"https:\/\/blocs.tinet.cat\/desdelsenyilarauxa\/wp-json\/wp\/v2\/media?parent=502"}],"wp:term":[{"taxonomy":"category","embeddable":true,"href":"https:\/\/blocs.tinet.cat\/desdelsenyilarauxa\/wp-json\/wp\/v2\/categories?post=502"},{"taxonomy":"post_tag","embeddable":true,"href":"https:\/\/blocs.tinet.cat\/desdelsenyilarauxa\/wp-json\/wp\/v2\/tags?post=502"}],"curies":[{"name":"wp","href":"https:\/\/api.w.org\/{rel}","templated":true}]}}