{"id":492,"date":"2013-05-27T10:16:17","date_gmt":"2013-05-27T10:16:17","guid":{"rendered":"https:\/\/blocs.tinet.cat\/desdelsenyilarauxa\/?p=492"},"modified":"2013-05-27T10:26:50","modified_gmt":"2013-05-27T10:26:50","slug":"canvi-de-xip","status":"publish","type":"post","link":"https:\/\/blocs.tinet.cat\/desdelsenyilarauxa\/2013\/05\/27\/canvi-de-xip\/","title":{"rendered":"Canvi de xip!!"},"content":{"rendered":"<p style=\"text-align: justify\"><img loading=\"lazy\" decoding=\"async\" class=\"aligncenter size-medium wp-image-493\" src=\"https:\/\/blocs.tinet.cat\/desdelsenyilarauxa\/files\/2013\/05\/X\u00e8nia-Vilanova2.1-104x300.jpg\" alt=\"\" width=\"104\" height=\"300\" srcset=\"https:\/\/blocs.tinet.cat\/desdelsenyilarauxa\/files\/2013\/05\/X\u00e8nia-Vilanova2.1-104x300.jpg 104w, https:\/\/blocs.tinet.cat\/desdelsenyilarauxa\/files\/2013\/05\/X\u00e8nia-Vilanova2.1.jpg 291w\" sizes=\"auto, (max-width: 104px) 100vw, 104px\" \/>El m\u00f3n casteller viu un dels millors moments de la seva hist\u00f2ria. No nom\u00e9s perqu\u00e8 hi ha m\u00e9s colles que mai arreu dels Pa\u00efsos Catalans, sin\u00f3, i sobretot, per la qualitat d&#8217;aquestes colles. Mai com ara, havien existit un reguitzell tan ampli de colles amb capacitat de fer castells de vuit de tota gamma. I a aquest fenomen se n&#8217;hi ajunta un altre de gens menyspreable. La velocitat vertiginosa amb la qual aquestes colles passen d&#8217;un nivell a un altre. Amb un curt espai de temps les colles passen dels castells de set als de vuit, i d&#8217;aquests als de nou. Aquest fet objectiu no \u00e9s fruit de la casualitat. Hi ha raons que expiquen aquesta progressi\u00f3 que supera el que hem viscut fins ara. I quines s\u00f3n aquestes raons? No s\u00f3n raons secretes, ni fruit de beuratges m\u00e0gics com els que prenien els gals d&#8217;Ast\u00e8rix i Ob\u00e8lix. Intentar\u00e9 descriure-les.<\/p>\n<p style=\"text-align: justify\">El fenomen no es pot deslligar de l&#8217;explosi\u00f3 quantitativa del fet casteller. Els castells han esdevingut, ara s\u00ed, un signe d&#8217;identitat del nostre pa\u00eds, del pa\u00eds sencer. Sense aquesta expansi\u00f3 no viur\u00edem el moment actual.<\/p>\n<p style=\"text-align: justify\">L&#8217;aparici\u00f3 de noves colles en \u00e0rees no tradicionalment castelleres ha propiciat l&#8217;aparici\u00f3 de colles en \u00e0rees de poblaci\u00f3 molt nombroses, per exemple a la connurbaci\u00f3 de Barcelona.<\/p>\n<p style=\"text-align: justify\">Les noves colles neixen sense cap mena d&#8217;esclavitud respecte a la tradici\u00f3. Per una banda, com tot el nou, l&#8217;est\u00edmul que hom t\u00e9 quan engega un nou projecte \u00e9s quelcom que sovint manca en les colles amb molts m\u00e9s anys de castells al darrera. Per altra banda, les colles de les \u00e0rees m\u00e9s tradicionals, sobretot les vallenques, segueixen lligades a una esclavitud que t\u00e9 a veure amb els per\u00edodes temporals de les temporades cl\u00e0ssiques de castells. Mentre les colles d&#8217;aquesta \u00e0rea segueixen lligades a la temporada cl\u00e0ssica, les noves colles no segueixen aquests par\u00e0metres. Les pauses hivernals s\u00f3n molt m\u00e9s curtes i es posen a la feina amb un \u00edmpetu molt m\u00e9s gran que no pas les colles cl\u00e0ssiques. Podr\u00edem dir que avui dia hi ha ritmes molt diferents dins el panorama casteller.<\/p>\n<p style=\"text-align: justify\">Aix\u00f2 fa que unes colles tinguin una progressi\u00f3 molt m\u00e9s accelerada que no pas unes altres. Quin \u00e9s el ritme idoni, quin \u00e9s el m\u00e9s \u00f2ptim? No s\u00e9 si a dia d&#8217;avui hom pot contestar encara aquesta pregunta. Segurament caldria una mica m\u00e9s de perpectiva hist\u00f2rica per a contestar-la. El que \u00e9s cert \u00e9s que a comen\u00e7ament de temporada, les que s&#8217;han posat m\u00e9s aviat a la feina obtenen resultats molt m\u00e9s r\u00e0pid que les que porten un ritme m\u00e9s lent. Per\u00f2, potser, i nom\u00e9s potser, podr\u00edem afirmar que les que duen un ritme m\u00e9s lent arriben en millor forma a la part \u00e0lgida i final de la temporada.<\/p>\n<p style=\"text-align: justify\">El que \u00e9s cert \u00e9s que aquesta realitat distorsiona en certa manera el panorama casteller i posa nervioses algunes colles. El que veiem a pla\u00e7a t\u00e9 la seva traslaci\u00f3 als assajos. Les que duen un ritme m\u00e9s accelerat assoleixen m\u00e9s r\u00e0pidament els seus objectius, mentre les altres tarden m\u00e9s a recollir els fruits. Aix\u00f2 tindria a veure amb el comprom\u00eds de cada membre de cada colla a l&#8217;hora d&#8217;introduir-se en la din\u00e0mica castellera. Aquesta implicaci\u00f3 ve de la determinaci\u00f3 individual de cada persona i de la capacitat dels dirigents per estimular els seus membres a incorporar-se abans del que els \u00e9s costum a l&#8217;activitat de la colla.<\/p>\n<p style=\"text-align: justify\">Jo no s\u00f3c capa\u00e7 de mullar-me a l&#8217;hora de decantar-me per un model o altre. \u00c9s m\u00e9s, d&#8217;entrada, penso que no hi ha un model millor que l&#8217;altre. Com ja he dit, potser ens caldria una mica m\u00e9s de perspectiva per a analitzar els resultats finals. Cada model t\u00e9 els seus pros i contres. Crec que a les colles grans, des d&#8217;un punt de vista temporal, tan sols unes setmanes les separen de la consecuci\u00f3 dels seus primers objectius. El que passa, per\u00f2, \u00e9s que la fren\u00e8tica activitat castellera actual, d\u00f3na la sensaci\u00f3, no del tot real, que unes colles queden endarrerides respecte unes altres.<\/p>\n<p style=\"text-align: justify\">Personalment crec que el que s&#8217;ha d&#8217;imposar \u00e9s la pr\u00f2pia configuraci\u00f3 de la temporada de cada colla. La planificaci\u00f3 i les diferents etapes en les que hom divideix la seva temporada. Aix\u00f2, per\u00f2, no evita que en un determinat moment hom tingui la sensaci\u00f3 de quedar enrera. Les sensacions, per\u00f2, sovint enterboleixen la visi\u00f3 real de les coses. En general, m&#8217;atreviria a dir que les grans colles segueixen una preparaci\u00f3 similar a la de la passada temporada. Els resultats a dia d&#8217;avui, crec que s\u00f3n for\u00e7a similars amb petites variacions.<\/p>\n<p style=\"text-align: justify\">\u00c9s cert, per\u00f2, que el nivell mitj\u00e0 de les colles ha pujat i molt. I aix\u00f2 ajuda a augmentar aquesta sensaci\u00f3 d&#8217;endarreriment. La competitivitat \u00e9s molt m\u00e9s forta, els per\u00edodes de progr\u00e9s intern de les colles s&#8217;ha escur\u00e7at. Es vulgui o no, aix\u00f2 implica que les grans colles se sentin obligades a pitjar una mica m\u00e9s l&#8217;accelerador. Obliga els membres de les colles a buscar incentius per tal de poder comptar amb el m\u00e0xim de castellers possibles com m\u00e9s aviat millor. Aix\u00f2 implica que aquests hagin de canviar el seu xip. S&#8217;assaja m\u00e9s que mai, la intensitat ha augmentat exponencialment, els uns trepitgen els talons als altres, estem en una cursa fren\u00e8tica.<\/p>\n<p style=\"text-align: justify\">Els canvis s\u00f3n evidents, per\u00f2 penso que cal afrontar-los amb serenitat. Sense posar-nos nerviosos. Tot canvi necessita temps, encara que hom tingui la sensaci\u00f3 que no tenim temps per a adaptar-nos-hi. Els r\u00e0nquings, denostats pels uns i lloats per uns altres, pressionen. Tinc el convenciment, per\u00f2, que en poques setmanes, els r\u00e0nquings reflectiran la realitat amb m\u00e9s fidelitat. Les temporades no s\u00f3n mai lineals. Passa en els castells, com tamb\u00e9 passsa en altres activitats com l&#8217;esport.<\/p>\n<p style=\"text-align: justify\">En definitva, crec que d&#8217;aqu\u00ed un temps, les coses es posaran al seu lloc. Les que van a cent per hora des de l&#8217;inici veuran que \u00e9s bo dosificar una temporada ja de per si llarga i estresssant. Les que van a velocitat de creuer se n&#8217;adonaran que podem imprimir un xic de velocitat m\u00e9s a la que estan acostumades. Al final, per\u00f2, entre la gran compet\u00e8ncia existent, cada una se situar\u00e0 en el lloc que li correspon. Aix\u00f2 s\u00ed, l&#8217;exig\u00e8ncia i el comprom\u00eds augmentar\u00e0, per\u00f2 caldr\u00e0 estar vigilants a que el motor no exploti. C\u00f3rrer molt pot ser tan perjudicial com anar massa poc a poc.<\/p>\n","protected":false},"excerpt":{"rendered":"<p>El m\u00f3n casteller viu un dels millors moments de la seva hist\u00f2ria. No nom\u00e9s perqu\u00e8 hi ha m\u00e9s colles que mai arreu dels Pa\u00efsos Catalans, sin\u00f3, i sobretot, per la qualitat d&#8217;aquestes colles. Mai com ara, havien existit un reguitzell &hellip; <a href=\"https:\/\/blocs.tinet.cat\/desdelsenyilarauxa\/2013\/05\/27\/canvi-de-xip\/\">Continua llegint <span class=\"meta-nav\">&rarr;<\/span><\/a><\/p>\n","protected":false},"author":45,"featured_media":0,"comment_status":"open","ping_status":"open","sticky":false,"template":"","format":"standard","meta":{"footnotes":""},"categories":[8,7],"tags":[78],"class_list":["post-492","post","type-post","status-publish","format-standard","hentry","category-catalunya","category-valls","tag-castells"],"_links":{"self":[{"href":"https:\/\/blocs.tinet.cat\/desdelsenyilarauxa\/wp-json\/wp\/v2\/posts\/492","targetHints":{"allow":["GET"]}}],"collection":[{"href":"https:\/\/blocs.tinet.cat\/desdelsenyilarauxa\/wp-json\/wp\/v2\/posts"}],"about":[{"href":"https:\/\/blocs.tinet.cat\/desdelsenyilarauxa\/wp-json\/wp\/v2\/types\/post"}],"author":[{"embeddable":true,"href":"https:\/\/blocs.tinet.cat\/desdelsenyilarauxa\/wp-json\/wp\/v2\/users\/45"}],"replies":[{"embeddable":true,"href":"https:\/\/blocs.tinet.cat\/desdelsenyilarauxa\/wp-json\/wp\/v2\/comments?post=492"}],"version-history":[{"count":0,"href":"https:\/\/blocs.tinet.cat\/desdelsenyilarauxa\/wp-json\/wp\/v2\/posts\/492\/revisions"}],"wp:attachment":[{"href":"https:\/\/blocs.tinet.cat\/desdelsenyilarauxa\/wp-json\/wp\/v2\/media?parent=492"}],"wp:term":[{"taxonomy":"category","embeddable":true,"href":"https:\/\/blocs.tinet.cat\/desdelsenyilarauxa\/wp-json\/wp\/v2\/categories?post=492"},{"taxonomy":"post_tag","embeddable":true,"href":"https:\/\/blocs.tinet.cat\/desdelsenyilarauxa\/wp-json\/wp\/v2\/tags?post=492"}],"curies":[{"name":"wp","href":"https:\/\/api.w.org\/{rel}","templated":true}]}}