{"id":472,"date":"2013-04-15T11:58:32","date_gmt":"2013-04-15T11:58:32","guid":{"rendered":"https:\/\/blocs.tinet.cat\/desdelsenyilarauxa\/?p=472"},"modified":"2013-04-15T11:58:32","modified_gmt":"2013-04-15T11:58:32","slug":"comencem-temporada","status":"publish","type":"post","link":"https:\/\/blocs.tinet.cat\/desdelsenyilarauxa\/2013\/04\/15\/comencem-temporada\/","title":{"rendered":"Comencem temporada"},"content":{"rendered":"<p><img loading=\"lazy\" decoding=\"async\" class=\"aligncenter size-full wp-image-474\" src=\"https:\/\/blocs.tinet.cat\/desdelsenyilarauxa\/files\/2013\/04\/Disseny-del-nou-autocar-person_54372091129_51351706917_600_22611.jpg\" alt=\"\" width=\"600\" height=\"226\" srcset=\"https:\/\/blocs.tinet.cat\/desdelsenyilarauxa\/files\/2013\/04\/Disseny-del-nou-autocar-person_54372091129_51351706917_600_22611.jpg 600w, https:\/\/blocs.tinet.cat\/desdelsenyilarauxa\/files\/2013\/04\/Disseny-del-nou-autocar-person_54372091129_51351706917_600_22611-300x113.jpg 300w\" sizes=\"auto, (max-width: 600px) 100vw, 600px\" \/><\/p>\n<p style=\"text-align: justify\">Encara que la temporada de la Colla Joves Xiquets de Valls va comen\u00e7ar ja fa setmanes, aquesta s&#8217;ha limitat a escalfar motors en els assajos i en la posada a punt en l&#8217;\u00e0mbit privat. Aquesta setmana, per\u00f2, la Joves es presentar\u00e0 ja en societat en la ja tradicional actuaci\u00f3 de Vilanova i la Geltr\u00fa, dos dies abans de Sant Jordi. Com l&#8217;any passat, crec que la Joves far\u00e0 la seva presentaci\u00f3 p\u00fablica com cap colla acostuma a fer-ho, \u00e9s a dir, encarant a la primera els castells de vuit.<\/p>\n<p style=\"text-align: justify\">Aquest any postconcurs \u00e9s, com sempre, un any diferent. El concurs de castells de Tarragona d\u00f3na a les temporades castelleres tot un altre car\u00e0cter. Quan no toca concurs les colles encaren el calendari casteller d&#8217;una altra manera. Ni millor, ni pitjor, tot i que estad\u00edsticament potser s\u00ed que podr\u00edem deduir que el concurs marca de forma clara els resultats de les diferents colles.<\/p>\n<p style=\"text-align: justify\">Pel que he pogut observar en el treball intern fet per la Joves vallenca, m&#8217;atreveixo a dir que la veig en bona forma. Malgrat alguna baixa destacada i mentre recupera algun xiquet o xiqueta d&#8217;alguna lesi\u00f3, crec que la pretemporada permet deduir que la colla segueix la l\u00ednia de la temporada passada. El fet que l&#8217;equip directiu tingui un car\u00e0cter continuista, amb rols diferents, pot facilitar l&#8217;evoluci\u00f3 de la colla. Amb el comen\u00e7ament de les actuacions, alguns membres de la colla que encara no s&#8217;han incorporat als assajos es veuran estimulats a no postergar per m\u00e9s temps la seva assist\u00e8ncia.<\/p>\n<p style=\"text-align: justify\">No ser\u00e0 una temporada f\u00e0cil. L&#8217;excel\u00b7lent temporada de l&#8217;any passat situa la colla en una gran exig\u00e8ncia. Al mateix temps, per\u00f2, ha de ser una garantia de nous \u00e8xits. La colla ha de demostrar la consolidaci\u00f3 dels castells assolits l&#8217;any passat, millorar-los i afegir-ne de nous, sense perdre&#8217;n cap. Penso que un dels encerts de la Joves en la temporada passada va ser la molt bona planificaci\u00f3 de la mateixa. Com l&#8217;any passat, la colla ha de fer el seu cam\u00ed sense emmirallar-se en el que facin els altres. Ella ha de marcar la seva pr\u00f2pia pauta, sense presses, per\u00f2 en un sostingut progr\u00e9s.<\/p>\n<p style=\"text-align: justify\">Veurem canvis en el pom de dalt, canvis de pis, canvis de posici\u00f3, noves estrenes. Aix\u00f2 pot semblar a primer cop d&#8217;ull un h\u00e0ndicap, per\u00f2 obre, al mateix temps, noves possibilitats. En els pisos inferiors veurem la consolidaci\u00f3 de nous xiquets que ja es van estrenar l&#8217;any passat. Si els xiquets i xiquetes, si tots els diables vermells, encaren aquesta temporada amb la mateixa il\u00b7lusi\u00f3 i dedicaci\u00f3 que van mostar l&#8217;any passat, la sort jugar\u00e0 un paper ben minso. La sort no pot ser la base de l&#8217;\u00e8xit, simplement ha de ser el factor que acompanyi la bona feina.<\/p>\n<p style=\"text-align: justify\"><img loading=\"lazy\" decoding=\"async\" class=\"aligncenter size-medium wp-image-477\" src=\"https:\/\/blocs.tinet.cat\/desdelsenyilarauxa\/files\/2013\/04\/Disseny-del-nou-autocar-person_54372091129_54028874188_960_639-300x199.jpg\" alt=\"\" width=\"300\" height=\"199\" srcset=\"https:\/\/blocs.tinet.cat\/desdelsenyilarauxa\/files\/2013\/04\/Disseny-del-nou-autocar-person_54372091129_54028874188_960_639-300x199.jpg 300w, https:\/\/blocs.tinet.cat\/desdelsenyilarauxa\/files\/2013\/04\/Disseny-del-nou-autocar-person_54372091129_54028874188_960_639.jpg 959w\" sizes=\"auto, (max-width: 300px) 100vw, 300px\" \/>En el m\u00f3n casteller s&#8217;est\u00e0 discutint i debatent sobre qui assistir\u00e0 a la festa major vilafranquina. Ho faran les colles de l&#8217;any passat? Retornaran les colles cl\u00e0ssiques? Hi haur\u00e0 altres canvis? D&#8217;entrada, aix\u00f2 est\u00e0 en mans dels nous administradors de la festa vilafranquina. Si aquests conviden la Colla Joves Xiquets de Valls a participar-hi, la colla haur\u00e0 de tenir en compte diversos factors, dels qual en destacar\u00e9 dos.<\/p>\n<p style=\"text-align: justify\">L&#8217;un, el pes de la hist\u00f2ria. El que ha suposat per la colla la seva participaci\u00f3 a la festa i el que ha representat per la ciutat de Vilafranca la participaci\u00f3 de la Joves vallenca i de les seves antecessores.<\/p>\n<p style=\"text-align: justify\">L&#8217;altre, la colla haur\u00e0 de valorar la seva decisi\u00f3 en funci\u00f3 dels seus interessos actuals. Sobretot els seus interessos castellers. La cita vilafranquina \u00e9s prou important i, participar-hi o no, influeix en la planificaci\u00f3 de la mateixa temporada.<\/p>\n<p style=\"text-align: justify\">Hi ha altres factors a tenir en compte, per\u00f2 aqu\u00ed nom\u00e9s he volgut destacar aquests dos. La colla, els seus xiquets i xiquetes, tenen motius per estar dolguts pel tracte rebut en la temporada passada. M\u00e9s pel com es van produir els esdeveniments, que no pas per la mateixa decisi\u00f3 dels antics administradors. Si arriba la invitaci\u00f3, ser\u00e0 una d&#8217;aquelles situacions en les quals el cor et diu una cosa i el cap pot dir-te&#8217;n una altra. La colla, col\u00b7lectivament, far\u00e0 b\u00e9 de confiar en els seus responsables a l&#8217;hora de prendre la decisi\u00f3. Ells tenen al cap els objectius que es proposen i saben que aquests objectius s&#8217;assoleixen en base a una bona preparaci\u00f3, per\u00f2 tamb\u00e9, a una bona planificaci\u00f3. El calendari no \u00e9s un assumpte menor. Anar o no anar a tal o qual lloc, accelera o alenteix l&#8217;evoluci\u00f3 de la pr\u00f2pia colla. Estic segur que la colla sabr\u00e0 correspondre a la decisi\u00f3 que els seus responsables prenguin. I estic segur que aquesta decisi\u00f3 no es prendr\u00e0 en base a greuges passats, sin\u00f3 a la pr\u00f2pia conveni\u00e8ncia. I estic segur que els diables vermells estaran al costat dels seus responsables i de la colla, sigui quina sigui l&#8217;opci\u00f3 individual que cadasc\u00fa prendria.<\/p>\n<p style=\"text-align: justify\">Recapitulo. Aquesta setmana hi ha l&#8217;estrena p\u00fablica d&#8217;enguany. La cita \u00e9s a Vilanova. Aquesta setmana, tamb\u00e9, estrenarem autob\u00fas. El bus de la Joves \u00e9s simplement meravell\u00f3s, el disseny, les imatges, els colors, el simbolisme. Tamb\u00e9 aquesta setmana es presenta el llibre &#8220;Els primers castellers&#8221;, un llibre que no tan sols parla dels or\u00edgens dels castells, sin\u00f3 dels nostres or\u00edgens. Aquesta, doncs, ser\u00e0 una gran setmana. La Joves puja a l&#8217;autob\u00fas i arrenca, no \u00e9s q\u00fcesti\u00f3 de quedar-se a terra!<\/p>\n<p style=\"text-align: justify\"><img loading=\"lazy\" decoding=\"async\" class=\"aligncenter size-full wp-image-476\" src=\"https:\/\/blocs.tinet.cat\/desdelsenyilarauxa\/files\/2013\/04\/castellers.png\" alt=\"\" width=\"353\" height=\"480\" srcset=\"https:\/\/blocs.tinet.cat\/desdelsenyilarauxa\/files\/2013\/04\/castellers.png 353w, https:\/\/blocs.tinet.cat\/desdelsenyilarauxa\/files\/2013\/04\/castellers-220x300.png 220w\" sizes=\"auto, (max-width: 353px) 100vw, 353px\" \/><\/p>\n","protected":false},"excerpt":{"rendered":"<p>Encara que la temporada de la Colla Joves Xiquets de Valls va comen\u00e7ar ja fa setmanes, aquesta s&#8217;ha limitat a escalfar motors en els assajos i en la posada a punt en l&#8217;\u00e0mbit privat. Aquesta setmana, per\u00f2, la Joves es &hellip; <a href=\"https:\/\/blocs.tinet.cat\/desdelsenyilarauxa\/2013\/04\/15\/comencem-temporada\/\">Continua llegint <span class=\"meta-nav\">&rarr;<\/span><\/a><\/p>\n","protected":false},"author":45,"featured_media":0,"comment_status":"open","ping_status":"open","sticky":false,"template":"","format":"standard","meta":{"footnotes":""},"categories":[8,1,6,7],"tags":[78,19,17],"class_list":["post-472","post","type-post","status-publish","format-standard","hentry","category-catalunya","category-general","category-personal","category-valls","tag-castells","tag-colla-joves","tag-colla-joves-xiquets-de-valls"],"_links":{"self":[{"href":"https:\/\/blocs.tinet.cat\/desdelsenyilarauxa\/wp-json\/wp\/v2\/posts\/472","targetHints":{"allow":["GET"]}}],"collection":[{"href":"https:\/\/blocs.tinet.cat\/desdelsenyilarauxa\/wp-json\/wp\/v2\/posts"}],"about":[{"href":"https:\/\/blocs.tinet.cat\/desdelsenyilarauxa\/wp-json\/wp\/v2\/types\/post"}],"author":[{"embeddable":true,"href":"https:\/\/blocs.tinet.cat\/desdelsenyilarauxa\/wp-json\/wp\/v2\/users\/45"}],"replies":[{"embeddable":true,"href":"https:\/\/blocs.tinet.cat\/desdelsenyilarauxa\/wp-json\/wp\/v2\/comments?post=472"}],"version-history":[{"count":0,"href":"https:\/\/blocs.tinet.cat\/desdelsenyilarauxa\/wp-json\/wp\/v2\/posts\/472\/revisions"}],"wp:attachment":[{"href":"https:\/\/blocs.tinet.cat\/desdelsenyilarauxa\/wp-json\/wp\/v2\/media?parent=472"}],"wp:term":[{"taxonomy":"category","embeddable":true,"href":"https:\/\/blocs.tinet.cat\/desdelsenyilarauxa\/wp-json\/wp\/v2\/categories?post=472"},{"taxonomy":"post_tag","embeddable":true,"href":"https:\/\/blocs.tinet.cat\/desdelsenyilarauxa\/wp-json\/wp\/v2\/tags?post=472"}],"curies":[{"name":"wp","href":"https:\/\/api.w.org\/{rel}","templated":true}]}}