{"id":460,"date":"2013-03-13T09:08:07","date_gmt":"2013-03-13T09:08:07","guid":{"rendered":"https:\/\/blocs.tinet.cat\/desdelsenyilarauxa\/?p=460"},"modified":"2013-03-13T09:12:52","modified_gmt":"2013-03-13T09:12:52","slug":"immunes-a-lavaricia","status":"publish","type":"post","link":"https:\/\/blocs.tinet.cat\/desdelsenyilarauxa\/2013\/03\/13\/immunes-a-lavaricia\/","title":{"rendered":"Immunes a l&#8217;avar\u00edcia?"},"content":{"rendered":"<p style=\"text-align: justify\"><img loading=\"lazy\" decoding=\"async\" class=\"size-full wp-image-461 aligncenter\" src=\"https:\/\/blocs.tinet.cat\/desdelsenyilarauxa\/files\/2013\/03\/avaricia1.jpg\" alt=\"\" width=\"299\" height=\"300\" srcset=\"https:\/\/blocs.tinet.cat\/desdelsenyilarauxa\/files\/2013\/03\/avaricia1.jpg 299w, https:\/\/blocs.tinet.cat\/desdelsenyilarauxa\/files\/2013\/03\/avaricia1-150x150.jpg 150w\" sizes=\"auto, (max-width: 299px) 100vw, 299px\" \/>Hom t\u00e9 la impressi\u00f3 que alguns s&#8217;han posat entre cella i cella col\u00b7lapsar-nos informativament sobre temes de corrupci\u00f3 amb l&#8217;objectiu d&#8217;immunitzat-nos en aquest tema per la via d&#8217;inundar-nos cada dia de la mateixa merda per tal que arribem a la conclusi\u00f3 que no paga la pena ni d&#8217;estirar la cadena per tal de no embussar el clavegueram. \u00c9s una forma de que res no canv\u00efi i tot segueixi igual.<\/p>\n<p style=\"text-align: justify\">Que tot segueix igual em sembla que no es pot discutir. Millet, Palau, Uni\u00f3, B\u00e1rcenas, G\u00fartel, M\u00e9todo3, etc. Temps i m\u00e9s temps remenant la merda per\u00f2 sense aclarir res. I aix\u00ed, <strong>dia rere dia, mengem el mateix fins a acabar-ne fins als nassos<\/strong>.<\/p>\n<p style=\"text-align: justify\"><strong>Alg\u00fa creu que els casos de corrupci\u00f3 s\u00f3n un fenomen nou que no ha existit fins ara?<\/strong> L&#8217;avar de la foto que il\u00b7lustra aquest apunt l&#8217;imagino vestit amb toga romana com amb americana i pantalons. La just\u00edcia espanyola sembla impotent per resoldre en un temps adequat tots els casos que t\u00e9 damunt la taula. No s\u00e9 si \u00e9s impot\u00e8ncia o tot plegat forma part d&#8217;una estrat\u00e8gia per mantenir-la permanentment surant sobre els nostres caps. Envejo el funcionament de pa\u00efsos com Estats Units, Finl\u00e0ndia, Isl\u00e0ndia, el Regne Unit, etc. Segur que aquests pa\u00efsos tenen coses de les quals no voldria importar, per\u00f2 als Estats Units s&#8217;ha condemnat un senyor com Madof mentre a Espanya s&#8217;ha indultat a un tal S\u00e1ez que governa un important banc espanyol. Mentre a Isl\u00e0ndia el poble va decidir que el pa\u00eds no es podia fer c\u00e0rrec de l&#8217;avar\u00edcia i les males pr\u00e0ctiques dels seus bancs, a Espanya s&#8217;han dedicat milers de milions d&#8217;euros per salvar bancs mentre sentencien milions de persones a la marginaci\u00f3. Mentre el Regne Unit \u00e9s capa\u00e7 de fer refer\u00e8ndums a Esc\u00f2cia i les Falklands (les Malvines), a Espanya no tan sols neguen aquest dret, sin\u00f3 que s&#8217;han proposat fer-nos xantatge i doblegar la nostra voluntat a base d&#8217;escanyar-nos econ\u00f2micament. Mentre al Regne Unit un mimistre plega per fer passar la seva dona com a conductora del seu cotxe en cometre una infracci\u00f3 (anar a 90 en un lloc de 80), el m\u00e9s a prop que tenim aqu\u00ed que dimiteix o renuncia a les seves funcions \u00e9s un tal Ratzinger que est\u00e0 a milers de quil\u00f2metres.<\/p>\n<p style=\"text-align: justify\">I aix\u00ed podr\u00edem seguir. A part de la difer\u00e8ncia qualitativa democr\u00e0tica que hi ha entre Espanya i la resta d&#8217;Europa, <strong>el perill que correm \u00e9s que la ciutadania es doblegui a aquests intents, que cedim per cansament, per fastigueig<\/strong>. Corrupci\u00f3 i manca d&#8217;esperit democr\u00e0tic n&#8217;hi ha hagut sempre entre nosaltres. El fet que ara en mengem cada dia no pot ser gratu\u00eft, ha d&#8217;obeir a un intent premeditat per tal que la ciutadania es vegi temptada a abandonar tot inter\u00e8s per participar individualment i col\u00b7lectiva en la presa de decisions que afecten el nostre futur nacional. <strong>M\u00e9s que mai, ens cal una voluntat de ferro<\/strong>. Una determinaci\u00f3 democr\u00e0tica que ens faci anar endavant. Malgrat que alguns representants pol\u00edtics i judicials no vulguin fer net de deb\u00f2 sobre tots aquests assumptes, nosaltres hem de demostrar una voluntat de ferro en el sentit de decidir el nostre futur pol\u00edtic. <strong>Decidint el nostre futur pol\u00edtic, ens donarem la capacitat de decidir el nostre model social, judicial, administratiu, econ\u00f2mic.<\/strong> Com a Isl\u00e0ndia, on la ciutadania no va llen\u00e7ar la tovallola i va ser capa\u00e7 de proposar i aprovar una nova constituci\u00f3 pol\u00edtica per al seu pa\u00eds, havent decidit abans no fer-se c\u00e0rrec de la mala gesti\u00f3 dels seus banquers i del seu govern.<\/p>\n<p style=\"text-align: justify\">No podem ser immunes a l&#8217;avar\u00edcia d&#8217;uns pocs. Ans al contrari. <strong>Hem d&#8217;estar vacunats davant tota estrat\u00e8gia dirigida a allunyar-nos de la nostra voluntat de ser actors del nostre present i el nostre futur. Cal molta determinaci\u00f3<\/strong>, \u00e9s cert, per\u00f2 en aquesta determinaci\u00f3 hi ha la prova de la voluntat inquebrantable dels pobles. I <strong>el poble catal\u00e0 t\u00e9 a tocar l&#8217;oportunitat de demostrar al m\u00f3n la seva determinaci\u00f3<\/strong>. Que tot i saber que la nostra societat tamb\u00e9 t\u00e9 els seus millets o els seus uni\u00f3s, aix\u00f2 no invalida la nostra voluntat de bastir una naci\u00f3 i un estat pol\u00edticament forts, socialment justos, \u00e8ticament pulcres, econ\u00f2micament equilibrats i culturalment exigents.<\/p>\n","protected":false},"excerpt":{"rendered":"<p>Hom t\u00e9 la impressi\u00f3 que alguns s&#8217;han posat entre cella i cella col\u00b7lapsar-nos informativament sobre temes de corrupci\u00f3 amb l&#8217;objectiu d&#8217;immunitzat-nos en aquest tema per la via d&#8217;inundar-nos cada dia de la mateixa merda per tal que arribem a la &hellip; <a href=\"https:\/\/blocs.tinet.cat\/desdelsenyilarauxa\/2013\/03\/13\/immunes-a-lavaricia\/\">Continua llegint <span class=\"meta-nav\">&rarr;<\/span><\/a><\/p>\n","protected":false},"author":45,"featured_media":0,"comment_status":"open","ping_status":"open","sticky":false,"template":"","format":"standard","meta":{"footnotes":""},"categories":[8,1,6],"tags":[77,35,42,41],"class_list":["post-460","post","type-post","status-publish","format-standard","hentry","category-catalunya","category-general","category-personal","tag-catalunya","tag-corrupcio","tag-nou-estat","tag-voluntat-popular"],"_links":{"self":[{"href":"https:\/\/blocs.tinet.cat\/desdelsenyilarauxa\/wp-json\/wp\/v2\/posts\/460","targetHints":{"allow":["GET"]}}],"collection":[{"href":"https:\/\/blocs.tinet.cat\/desdelsenyilarauxa\/wp-json\/wp\/v2\/posts"}],"about":[{"href":"https:\/\/blocs.tinet.cat\/desdelsenyilarauxa\/wp-json\/wp\/v2\/types\/post"}],"author":[{"embeddable":true,"href":"https:\/\/blocs.tinet.cat\/desdelsenyilarauxa\/wp-json\/wp\/v2\/users\/45"}],"replies":[{"embeddable":true,"href":"https:\/\/blocs.tinet.cat\/desdelsenyilarauxa\/wp-json\/wp\/v2\/comments?post=460"}],"version-history":[{"count":0,"href":"https:\/\/blocs.tinet.cat\/desdelsenyilarauxa\/wp-json\/wp\/v2\/posts\/460\/revisions"}],"wp:attachment":[{"href":"https:\/\/blocs.tinet.cat\/desdelsenyilarauxa\/wp-json\/wp\/v2\/media?parent=460"}],"wp:term":[{"taxonomy":"category","embeddable":true,"href":"https:\/\/blocs.tinet.cat\/desdelsenyilarauxa\/wp-json\/wp\/v2\/categories?post=460"},{"taxonomy":"post_tag","embeddable":true,"href":"https:\/\/blocs.tinet.cat\/desdelsenyilarauxa\/wp-json\/wp\/v2\/tags?post=460"}],"curies":[{"name":"wp","href":"https:\/\/api.w.org\/{rel}","templated":true}]}}