{"id":456,"date":"2013-03-01T11:46:16","date_gmt":"2013-03-01T11:46:16","guid":{"rendered":"https:\/\/blocs.tinet.cat\/desdelsenyilarauxa\/?p=456"},"modified":"2013-03-01T11:46:16","modified_gmt":"2013-03-01T11:46:16","slug":"educacio-i-professions-de-futur","status":"publish","type":"post","link":"https:\/\/blocs.tinet.cat\/desdelsenyilarauxa\/2013\/03\/01\/educacio-i-professions-de-futur\/","title":{"rendered":"Educaci\u00f3 i professions de futur"},"content":{"rendered":"<p style=\"text-align: justify\"><img loading=\"lazy\" decoding=\"async\" class=\"size-full wp-image-457 aligncenter\" src=\"https:\/\/blocs.tinet.cat\/desdelsenyilarauxa\/files\/2013\/03\/CareerPlanning_000011456450XSmall.jpg\" alt=\"\" width=\"400\" height=\"300\" srcset=\"https:\/\/blocs.tinet.cat\/desdelsenyilarauxa\/files\/2013\/03\/CareerPlanning_000011456450XSmall.jpg 400w, https:\/\/blocs.tinet.cat\/desdelsenyilarauxa\/files\/2013\/03\/CareerPlanning_000011456450XSmall-300x225.jpg 300w\" sizes=\"auto, (max-width: 400px) 100vw, 400px\" \/>Com la majoria de pares m&#8217;importa el futur que espera als nostres fills, en el meu cas a les meves filles. S&#8217;acosta el moment en que la meva filla gran ha de comen\u00e7ar a prendre les seves primeres decisions relatives a quin \u00e0mbit professional vol focalitzar la seva vida. Dedicar-se a una professi\u00f3 encara li queda lluny, per\u00f2 en el seu proc\u00e9s educatiu li arriba ja el moment de comen\u00e7ar a prendre les seves primeres decisions que vagin tra\u00e7ant el seu cam\u00ed. Els moments actuals a curt i mig termini s\u00f3n d&#8217;all\u00f2 m\u00e9s decebedors, per\u00f2 pel meu optimisme cong\u00e8nit penso que el m\u00f3n, malgrat els espessos n\u00favols negres que ens tapen l&#8217;horitz\u00f3, seguir\u00e0 progressant, no sense esfor\u00e7. De fet, com ha sigut sempre.<\/p>\n<p style=\"text-align: justify\">Les meves filles, ara penso m\u00e9s en la gran, t\u00e9 encara molt cam\u00ed a rec\u00f3rrer, per\u00f2 aviat s&#8217;haur\u00e0 d&#8217;enfrontar a fer el primer pas d&#8217;un llarg cam\u00ed. La incertesa hi \u00e9s present, per\u00f2 la perspectiva de tota una vida per endavant que espero plenament feli\u00e7 per a ella, no deixa de ser engrescador.<\/p>\n<p style=\"text-align: justify\">En aquests moments, ella ja ha pres la seva primera decisi\u00f3. Aquesta ve determinada per diversos factors, uns v\u00e9nen determinats per les seves capacitats que ha anat descobrint en la seva primera etapa educativa. Triar de fer un tipus de batxillerat o altra s&#8217;acostuma a fer tot girant una instant la mirada enrere. Quines han estat les seves habilitats d&#8217;aprenentatge, quines les seves dificultats, quin tipus de coneixements li han donat m\u00e9s satisfacci\u00f3, quines mat\u00e8ries li han demanat m\u00e9s esfor\u00e7, etc. Aquesta mirada enrere li donar\u00e0 una primera pista. Tots els factors avaluats han de set tinguts en compte. D&#8217;entrada sembla que hom s&#8217;ha d&#8217;inclinar m\u00e9s aviat per aquells estudis que se li han donat m\u00e9s b\u00e9. Per\u00f2 tampoc hauria de menystenir altres q\u00fcestions. Per exemple, que l&#8217;esfor\u00e7 pot suplir sovint les mancances que hagi pogut tenir en adquirir alguns coneixements en relaci\u00f3 amb uns altres que li han demanat menys esfor\u00e7. Seria, per\u00f2, absurd decantar-se cap a un cam\u00ed que li deman\u00e9s un esfor\u00e7 permanent, colossal, menyspreant les habilitats que ha descobert que posseeix gaireb\u00e9 de forma natural. A aix\u00f2 hi hauria de sumar all\u00f2 que li ha despertat m\u00e9s inter\u00e8s, m\u00e9s satisfacci\u00f3. Tamb\u00e9 \u00e9s important. Aquests s\u00f3n, em sembla, els primers factors que haur\u00e0 de tenir en compte. La primera decisi\u00f3, doncs, la prendr\u00e0 mirant enrere m\u00e9s que mirant endavant.<\/p>\n<p style=\"text-align: justify\">El seg\u00fcent pas ser\u00e0 escollir entre els diferents batxillerats ofertats. Per\u00f2 ho far\u00e0 allargant una mica m\u00e9s la mirada, pensant en qu\u00e8 seguir\u00e0 despr\u00e9s. I aqu\u00ed \u00e9s on comen\u00e7a a interessar-se per diferents professions i els estudis universitaris que millor li poden donar els coneixements necessaris per a exercir-les. Les dificultats no s\u00f3n poques. Ara ha de comen\u00e7ar ja a interessar-se per unes professions que existeixen actualment i que no sap si existiran a mig termini i no pot endevinar, ni tan sols imaginar unes professions que avui dia no existeixen per\u00f2 que existiran d&#8217;aqu\u00ed pocs anys. El m\u00f3n tan canviant que estem vivint fan impossible predir quines seran les seves oportunitats. La velocitat dels canvis \u00e9s aterradora. Aquest fet podria col\u00b7lapsar-la i augmentar-li els dubtes que ja per se l&#8217;assetgen. Aquest m\u00f3n incert, ha fet que alg\u00fa li hagi dit que no dirigeixi els seus passos cap all\u00e0 a on ella li agradaria anar. I aix\u00f2 li crea dubtes.<\/p>\n<p style=\"text-align: justify\">I com puc ajudar-la jo en aquest moment important per\u00a0 a ella, tot i que crec que no s&#8217;ha d&#8217;obsessionar perqu\u00e8 encara li falta molt per completar el seu cam\u00ed formatiu? Doncs fent-li\u00a0 algunes consideracions que, si vol, pot tenir en compte.<\/p>\n<p style=\"text-align: justify\">Per comen\u00e7ar li diria que fixar la mirada molt lluny no \u00e9s quelcom massa recomanable, m\u00e9s en els moments actuals. Que miri quines s\u00f3n les seves inclinacions, les seves habilitats, les seves prefer\u00e8ncies, sense tenir en compte consideracions de caire resultadista. Avui en dia molta gent s&#8217;obsessiona per mirar quines professions tenen demanda en el mercat laboral, quins perfils professionsla i curriculars s\u00f3n els que tenen m\u00e9s sortida. Aix\u00f2 \u00e9s un determinisme en el qual no s&#8217;ha de deixar arrossegar. Si tothom prioritz\u00e9s aquest factor, tothom seria enginyer, o metge, o faria estudis relacionats amb les noves tecnologies. Amb el que l&#8217;exc\u00e9s de demanda devaluaria aquestes professions fent-les gaireb\u00e9 irrellevants i amb sortida per a uns quants escollits. Avui en dia no podem ni endevinar algunes deles professions que en el futur la nostra societat demandar\u00e0. Si ens hem de deixar arrossegar per aquesta tend\u00e8ncia el m\u00f3n restaria orfe en quatre dies de pensadors que omplissin el buit que una societat purament tecnificada deixaria.<\/p>\n<p style=\"text-align: justify\">Per altra banda, professions que avui coneixem d&#8217;una forma determinada evolucionaran en direccions que ara ni tan sols sospitem. N&#8217;hi haur\u00e0 de noves, altres desapareixeran, altres es fragmentaran, altres evolucionaran, &#8230; Quants gur\u00fas del passat i del present seran oblidats perqu\u00e8 les seves prediccions semblaven fruit de la seva fantasia i que mai no s&#8217;han materialitzat! No estic pas dient que no hagi de tenir en compte les tend\u00e8ncies de la societat actual i descobrir aquelles opcions que m\u00e9s s&#8217;adaptin a les seves habilitats i interessos. Per\u00f2 tota prospecci\u00f3 futura t\u00e9 probabilitats de fer-se realitat com de no fer-ho mai.<\/p>\n<p style=\"text-align: justify\">En definitiva, i per concloure, li diria que miri per damunt de tot, les seves prefer\u00e8ncies, els seus gustos, que conf\u00efi tamb\u00e9 en les seves possibilitats per innovar dins el camp que esculli, que tingui gust per la vida i per la seva capacitat d&#8217;aportar quelcom de positiu a la societat en base a la seva formaci\u00f3, a la seva personalitat, als seus anhels. Que tingui confian\u00e7a en ella mateixa i que el m\u00f3n \u00e9s un camp ampl\u00edssim on segur que trobar\u00e0 la seva oportunitat, potser amb dificultats, potser amb esfor\u00e7 o potser amb m\u00e9s facilitat de la que es pensava. Per\u00f2 que per damunt de tot, els passos que vagi fent en aquesta vida li donin una qualitat humana de gran al\u00e7ada, que sigui una excel\u00b7lent persona capa\u00e7 d&#8217;enfrontar-se a les dificultats d&#8217;aquest m\u00f3n que l&#8217;espera. Qualitat per damunt de quantitat. I que se senti segura de si mateixa, a risc d&#8217;equivocar-se. Sense ser f\u00e0cilment influenciable, per\u00f2, alhora, oberta a les aportacions dels altres. Vaja, que no tremoli i que pensi que el m\u00f3n no \u00e9s unidireccional i que hom pot decantar-se al llarg del cam\u00ed cap a l&#8217;esquerra o cap a la dreta en funci\u00f3 de les circumst\u00e0ncies i el context que s&#8217;anir\u00e0 trobant.<\/p>\n<p style=\"text-align: justify\">Conclusi\u00f3: Sigues tu mateixa, filla, i que cada passa en el teu cam\u00ed t&#8217;acosti cada dia a la felicitat que dus ja ara dintre teu.<\/p>\n","protected":false},"excerpt":{"rendered":"<p>Com la majoria de pares m&#8217;importa el futur que espera als nostres fills, en el meu cas a les meves filles. S&#8217;acosta el moment en que la meva filla gran ha de comen\u00e7ar a prendre les seves primeres decisions relatives &hellip; <a href=\"https:\/\/blocs.tinet.cat\/desdelsenyilarauxa\/2013\/03\/01\/educacio-i-professions-de-futur\/\">Continua llegint <span class=\"meta-nav\">&rarr;<\/span><\/a><\/p>\n","protected":false},"author":45,"featured_media":0,"comment_status":"open","ping_status":"open","sticky":false,"template":"","format":"standard","meta":{"footnotes":""},"categories":[1],"tags":[],"class_list":["post-456","post","type-post","status-publish","format-standard","hentry","category-general"],"_links":{"self":[{"href":"https:\/\/blocs.tinet.cat\/desdelsenyilarauxa\/wp-json\/wp\/v2\/posts\/456","targetHints":{"allow":["GET"]}}],"collection":[{"href":"https:\/\/blocs.tinet.cat\/desdelsenyilarauxa\/wp-json\/wp\/v2\/posts"}],"about":[{"href":"https:\/\/blocs.tinet.cat\/desdelsenyilarauxa\/wp-json\/wp\/v2\/types\/post"}],"author":[{"embeddable":true,"href":"https:\/\/blocs.tinet.cat\/desdelsenyilarauxa\/wp-json\/wp\/v2\/users\/45"}],"replies":[{"embeddable":true,"href":"https:\/\/blocs.tinet.cat\/desdelsenyilarauxa\/wp-json\/wp\/v2\/comments?post=456"}],"version-history":[{"count":0,"href":"https:\/\/blocs.tinet.cat\/desdelsenyilarauxa\/wp-json\/wp\/v2\/posts\/456\/revisions"}],"wp:attachment":[{"href":"https:\/\/blocs.tinet.cat\/desdelsenyilarauxa\/wp-json\/wp\/v2\/media?parent=456"}],"wp:term":[{"taxonomy":"category","embeddable":true,"href":"https:\/\/blocs.tinet.cat\/desdelsenyilarauxa\/wp-json\/wp\/v2\/categories?post=456"},{"taxonomy":"post_tag","embeddable":true,"href":"https:\/\/blocs.tinet.cat\/desdelsenyilarauxa\/wp-json\/wp\/v2\/tags?post=456"}],"curies":[{"name":"wp","href":"https:\/\/api.w.org\/{rel}","templated":true}]}}