{"id":447,"date":"2013-02-04T08:23:39","date_gmt":"2013-02-04T08:23:39","guid":{"rendered":"https:\/\/blocs.tinet.cat\/desdelsenyilarauxa\/?p=447"},"modified":"2013-02-04T08:23:39","modified_gmt":"2013-02-04T08:23:39","slug":"fins-quan-els-aguantarem","status":"publish","type":"post","link":"https:\/\/blocs.tinet.cat\/desdelsenyilarauxa\/2013\/02\/04\/fins-quan-els-aguantarem\/","title":{"rendered":"Fins quan els aguantarem?"},"content":{"rendered":"<p style=\"text-align: justify\"><img loading=\"lazy\" decoding=\"async\" class=\"size-full wp-image-448 aligncenter\" src=\"https:\/\/blocs.tinet.cat\/desdelsenyilarauxa\/files\/2013\/02\/1359954000.jpg\" alt=\"\" width=\"299\" height=\"254\" \/>Els esc\u00e0ndols de corrupci\u00f3 al Regne d&#8217;Espanya estan a punt d&#8217;esclatar a les seves mateixes entranyes. De fet, haur\u00edem de dir all\u00f2 de &#8220;res de nou a l&#8217;oest&#8221;. El problema \u00e9s que la virul\u00e8ncia i el grau de l&#8217;esc\u00e0ndol ara \u00e9s maj\u00fascul i afecta els pilars de l&#8217;estat. Els grans partits pol\u00edtics del sistema espanyol estan tocats. No s\u00e9 si \u00e9s una her\u00e8ncia que ens va deixar la reforma pol\u00edtica hereva, alhora, del mateix franquisme. Es va preferir la reforma a la ruptura. Diuen que pel soroll de sabres. Per\u00f2 amb els grans partits pol\u00edtics l&#8217;olla ha bullit en la mateixa corona espanyola. No estem davant un fenomen nou, sin\u00f3 un fenomen que va persistir despr\u00e9s de la mort del dictador. El PSOE s&#8217;hi va empaltar ben aviat, nom\u00e9s cal recordar els roldans i els barrionuevos. Com que mai no hi ha hagut m\u00e0 ferma en l&#8217;assumpte de corrupci\u00f3, aix\u00ed ens trobem trenta-vuit anys despr\u00e9s de mort el dictador.<\/p>\n<p style=\"text-align: justify\">La impunitat ha estat un caldo de cultiu de la corrupci\u00f3. Veure dia s\u00ed, dia tamb\u00e9, com els corruptes s&#8217;han escapolit de la just\u00edcia no ha fet res m\u00e9s que alimentar el fenomen. Fins i tot planeja per inactivitat una ombra de corrupci\u00f3 en el poder judicial que no ha actuat amb la contund\u00e8ncia que hauria calgut, comen\u00e7ant per la fiscalia. Els corruptes s&#8217;han envalentonat i els corruptors han cregut que &#8220;ancha es Castilla&#8221;, tan ampla que fins i tot correm el risc que arribi fins a nosaltres.<\/p>\n<p style=\"text-align: justify\">Quan alg\u00fa ens deia que ten\u00edem massa pressa per fotre el camp del Regne d&#8217;Espanya, ara ha quedat retratat perqu\u00e8 el que hem de dir \u00e9s que tota pressa \u00e9s poca. Cobra for\u00e7a, i cal no oblidar el que molts hem defensat en el proc\u00e9s d&#8217;alliberament nacional, que el nostre alliberament nacional ha d&#8217;anar acompanyat d&#8217;una voluntat ferma de regeneraci\u00f3 democr\u00e0tica profunda. L&#8217;assoliment del nostre estat catal\u00e0 ha de possibilitar una democr\u00e0cia participativa i \u00e8tica profunda en tots els \u00e0mbits. Ja hi haur\u00edem d&#8217;estat treballant. Hi haur\u00edem d&#8217;estar treballant en la llei electoral, en donar cos a una veritable divisi\u00f3 de poders del nou estat catal\u00e0 en el sistema de nomenament de jutges, fiscals, etc. Cal que la societat vegi els corruptors i els corruptes com a veritables empestats. No estem davant una malaltia sin\u00f3 davant un c\u00e0ncer indu\u00eft pel propi sistema. Els leprosos b\u00edblics que eren engegats i expulsats de la societat eren v\u00edctimes d&#8217;una malaltia estigmatitzada socialment. Els corruptes i els corruptors han de ser expulsats, o millor fulminats, de la societat democr\u00e0tica de forma imminent.<\/p>\n<p style=\"text-align: justify\">Els catalans no som immunes a aquest risc. Tenim corruptes i corruptors que fins ara han estat emparats pel sistema espanyol. Aquesta her\u00e8ncia l&#8217;hem de rebutjar r\u00e0pidament. El proc\u00e9s d&#8217;independ\u00e8ncia catal\u00e0 no es pot fer pel cam\u00ed de la reforma, hi ha d&#8217;haver una ruptura total amb l&#8217;antic r\u00e8gim. Els sistema que bastim de nou ha de ser n\u00edtid. La societat ha de veure una voluntat clar\u00edssima en aquest sentit. Drets i deures de ciutadania que vagin de dalt a baix, del primer a l&#8217;\u00faltim. La ciutadania del nou estat no pot ser condescendent. Si acompanyem un sistema democr\u00e0tic profund, una separaci\u00f3 de poders clara amb un sistema judicial lliure de vincles amb els altres poders i amb una ciutadania conscient que l&#8217;exig\u00e8ncia \u00e8tica de la ciutadania \u00e9s l&#8217;\u00fanic que ens pot salvar com a societat moderna i progressita. Els valors \u00e8tics i morals han de ser a la base d&#8217;aquesta nova societat. L&#8217;oportunitat \u00e9s nostra. I s\u00ed, tenim pressa, cada vegada m\u00e9s. La funci\u00f3 pol\u00edtica \u00e9s un dels serveis p\u00fablics m\u00e9s honorables que un ciutada pot fer pels seus conciutadans, per\u00f2 al mateix temps \u00e9s la m\u00e9s susceptible als cants de sirena de l&#8217;ambici\u00ed l&#8217;avar\u00edcia. El nostre sistema pol\u00edtic, social, econ\u00f2mic, judicial i ciutad\u00e0 ha de ser escrupul\u00f3s des de bon comen\u00e7ament. Si ho fem aix\u00ed, haur\u00e0 valgut la pena.<\/p>\n","protected":false},"excerpt":{"rendered":"<p>Els esc\u00e0ndols de corrupci\u00f3 al Regne d&#8217;Espanya estan a punt d&#8217;esclatar a les seves mateixes entranyes. De fet, haur\u00edem de dir all\u00f2 de &#8220;res de nou a l&#8217;oest&#8221;. El problema \u00e9s que la virul\u00e8ncia i el grau de l&#8217;esc\u00e0ndol ara &hellip; <a href=\"https:\/\/blocs.tinet.cat\/desdelsenyilarauxa\/2013\/02\/04\/fins-quan-els-aguantarem\/\">Continua llegint <span class=\"meta-nav\">&rarr;<\/span><\/a><\/p>\n","protected":false},"author":45,"featured_media":0,"comment_status":"open","ping_status":"open","sticky":false,"template":"","format":"standard","meta":{"footnotes":""},"categories":[8,1,9],"tags":[35,31,79,37],"class_list":["post-447","post","type-post","status-publish","format-standard","hentry","category-catalunya","category-general","category-mon","tag-corrupcio","tag-estat-catala","tag-etica","tag-politica"],"_links":{"self":[{"href":"https:\/\/blocs.tinet.cat\/desdelsenyilarauxa\/wp-json\/wp\/v2\/posts\/447","targetHints":{"allow":["GET"]}}],"collection":[{"href":"https:\/\/blocs.tinet.cat\/desdelsenyilarauxa\/wp-json\/wp\/v2\/posts"}],"about":[{"href":"https:\/\/blocs.tinet.cat\/desdelsenyilarauxa\/wp-json\/wp\/v2\/types\/post"}],"author":[{"embeddable":true,"href":"https:\/\/blocs.tinet.cat\/desdelsenyilarauxa\/wp-json\/wp\/v2\/users\/45"}],"replies":[{"embeddable":true,"href":"https:\/\/blocs.tinet.cat\/desdelsenyilarauxa\/wp-json\/wp\/v2\/comments?post=447"}],"version-history":[{"count":0,"href":"https:\/\/blocs.tinet.cat\/desdelsenyilarauxa\/wp-json\/wp\/v2\/posts\/447\/revisions"}],"wp:attachment":[{"href":"https:\/\/blocs.tinet.cat\/desdelsenyilarauxa\/wp-json\/wp\/v2\/media?parent=447"}],"wp:term":[{"taxonomy":"category","embeddable":true,"href":"https:\/\/blocs.tinet.cat\/desdelsenyilarauxa\/wp-json\/wp\/v2\/categories?post=447"},{"taxonomy":"post_tag","embeddable":true,"href":"https:\/\/blocs.tinet.cat\/desdelsenyilarauxa\/wp-json\/wp\/v2\/tags?post=447"}],"curies":[{"name":"wp","href":"https:\/\/api.w.org\/{rel}","templated":true}]}}