{"id":443,"date":"2013-01-29T09:15:26","date_gmt":"2013-01-29T09:15:26","guid":{"rendered":"https:\/\/blocs.tinet.cat\/desdelsenyilarauxa\/?p=443"},"modified":"2013-01-29T09:21:48","modified_gmt":"2013-01-29T09:21:48","slug":"corrupcio","status":"publish","type":"post","link":"https:\/\/blocs.tinet.cat\/desdelsenyilarauxa\/2013\/01\/29\/corrupcio\/","title":{"rendered":"Corrupci\u00f3"},"content":{"rendered":"<p style=\"text-align: justify\"><img loading=\"lazy\" decoding=\"async\" class=\"aligncenter size-full wp-image-444\" src=\"https:\/\/blocs.tinet.cat\/desdelsenyilarauxa\/files\/2013\/01\/corruption.jpg\" alt=\"\" width=\"350\" height=\"252\" srcset=\"https:\/\/blocs.tinet.cat\/desdelsenyilarauxa\/files\/2013\/01\/corruption.jpg 350w, https:\/\/blocs.tinet.cat\/desdelsenyilarauxa\/files\/2013\/01\/corruption-300x216.jpg 300w\" sizes=\"auto, (max-width: 350px) 100vw, 350px\" \/>Vivim moments convulsos que no ajuden gens ni mica a que ciutadans o ciutadanes honrats tinguin ganes de dedicar-se al servei p\u00fablic. Plana sobre el conjunt de la societat la idea que <strong>qui es dedica a servir la col\u00b7lectivitat des d&#8217;algun lloc institucional o de representaci\u00f3 pol\u00edtica \u00e9s un corrupte mentre no es demostri el contrari<\/strong>. Quan la consideraci\u00f3 que hauria de prevaldre hauria de ser la contr\u00e0ria. De seguir aix\u00ed, aviat no trobarem ning\u00fa que vulgui dedicar un per\u00edode de la seva vida a servir la societat assumint responsabilitats pol\u00edtiques i de servei a la col\u00b7lectivitat.<\/p>\n<p style=\"text-align: justify\">El bon nom i el prestigi social \u00e9s una consideraci\u00f3 que tots volem preservar per a nosaltres mateixos. A ning\u00fa li agrada ser assenyalat pel dit de la gent. <strong>Hem universalitzat l&#8217;ombra de la\u00a0 sospita sobre tot i sobre tothom<\/strong>. Em resisteixo a compartir aquesta visi\u00f3. Crec fermament que \u00e9s possible servir la ciutadania i la societat amb honradesa i transpar\u00e8ncia. <strong>Ho crec perqu\u00e8 sin\u00f3 hauria d&#8217;acceptar que la nostra societat \u00e9s una societat salvatge sotmesa als interessos d&#8217;uns pocs, sobretot als dels m\u00e9s forts i poderosos<\/strong>. I perqu\u00e8, malgrat tot, segueixo creient en l&#8217;\u00e9sser hum\u00e0, tot i les greus responsabilitats que tenim en el maltracte a que sotemetem el nostre planeta, els \u00e9ssers vius, la fauna i la flora, i el medi ambient en general. Malgrat que ens pot ferir m\u00e9s la sensibilitat el maltractament a un animal que a una persona. <strong>Som capa\u00e7os de recollir un animal abandonat i deixar a la seva sort un \u00e9sser hum\u00e0 desvalgut i amb dificultats de subsistir. <\/strong><\/p>\n<p style=\"text-align: justify\">Hem acceptat convertir qualsevol den\u00fancia en una condemna aprior\u00edstica. Que aix\u00f2 sigui aix\u00ed no \u00e9s gratu\u00eft. Tots, en major o menor mesura, hi tenim alguna responsabilitat. La corrupci\u00f3 \u00e9s una bomba de rellotgeria posada en els fonaments del sistema democr\u00e0tic.<\/p>\n<p style=\"text-align: justify\"><strong>La corrupci\u00f3 \u00e9s un fenomen que mina els fonaments democr\u00e0tics de qualsevol societat.<\/strong> Fins i tot pot fer saltar pels aires la pr\u00f2pia societat. \u00c9s una responsabilitat col\u00b7lectiva posar fre a la corrupci\u00f3. Per aix\u00f2 cal una legislaci\u00f3 impecable, clara i transparent. No evitarem els comportaments personals indesitjables, per\u00f2 s\u00ed que podem desincentivar que alg\u00fa pensi que es pot emparar en institucions o organitzacions de servei p\u00fablic per al seu profit personal. Per tant, el primer pas necessari \u00e9s dotar-nos d&#8217;una legislaci\u00f3 que expulsi el corrupte. Aix\u00f2 encara no ho hem fet.<\/p>\n<p style=\"text-align: justify\">Despr\u00e9s cal que la societat assumeixi que m\u00e9s enll\u00e0 de fets delictius, hi ha comportaments \u00e8tics reprovables. Que poden no comportar penes judicials, per\u00f2 s\u00ed penes socials. Tot \u00e9s prou dif\u00edcil, per\u00f2 si em feu triar, penso que \u00e9s m\u00e9s dif\u00edcil aix\u00f2 darrer. Desbancar els comportaments socials reprovables exigeix una integritat major que no pas desbancar la corrupci\u00f3 pol\u00edtica.<\/p>\n<p style=\"text-align: justify\">Haur\u00edem d&#8217;acceptar, per exemple, que per dotar-nos d&#8217;uns bons serveis p\u00fablics, d&#8217;uns bons serveis socials que atenguin els m\u00e9s desvalguts cal que contribu\u00efm personalment a dotar-nos de recursos econ\u00f2mics suficients per a satisfer aquestes necessitats. <strong>Haur\u00edem d&#8217;acceptar que cal pagar impostos, rebutjar una factura en negre<\/strong> perqu\u00e8 va contra la possibilitat real de tenir una societat justa que atengui els dependents, els marginats, els que han quedat sense possiblitat de subsistir amb el seu propi esfor\u00e7. Haur\u00edem d&#8217;acceptar que sense la contribuci\u00f3 de tots, sobretot dels que m\u00e9s tenen o tenim, no \u00e9s possible dotar-nos d&#8217;un bon servei de salut p\u00fablica, o de serveis de transports p\u00fablics que arribin a tothom i que de retruc siguin respectuosos amb el nostre entorn natural, etc. <strong>La veritable revoluci\u00f3 comen\u00e7a en nosaltres mateixos. Els coruptes i la corrupci\u00f3 ens serveixen d&#8217;excusa <\/strong>per ser els primers que no tenim un comportament social responsable. \u00c9s un peix que es mossega la cua.<\/p>\n<p style=\"text-align: justify\"><strong>El bandejament de la corrupci\u00f3 i l&#8217;exig\u00e8ncia personal \u00e8tica han d&#8217;anar agafats de la m\u00e0. <\/strong>Aquests dies hem frivolitzat sobre xarxes socials que ridiculitzen adolescents des de l&#8217;anonimat o que calumnien persones de forma covarda i \u00e8ticament reprovable en l&#8217;ambit dels instituts o les universitats, generalment denigrant la condici\u00f3 femenina o al professorat. <strong>Ens haur\u00edem de preguntar com hem educat els nostres fills, quins valors els hem transm\u00e8s,<\/strong> no tan sols de paraula, sin\u00f3 amb la nostra vida di\u00e0ria. Ens haur\u00edem de preguntar perqu\u00e8 certs programes televisius triomfen tot basant-se en la manca de respecte pels drets m\u00e9s fonamentals de les persones, comen\u00e7ant per no enriure&#8217;s del feble, del que no ha tingut la possibilitat d&#8217;accedir a una cultura m\u00ednima i que ha perdut la capacita d&#8217;autoestima pr\u00f2pia.<\/p>\n<p style=\"text-align: justify\">Tenim molta feina per fer, tots plegats. De baix cap dalt. Potser que hi pensem.<\/p>\n","protected":false},"excerpt":{"rendered":"<p>Vivim moments convulsos que no ajuden gens ni mica a que ciutadans o ciutadanes honrats tinguin ganes de dedicar-se al servei p\u00fablic. Plana sobre el conjunt de la societat la idea que qui es dedica a servir la col\u00b7lectivitat des &hellip; <a href=\"https:\/\/blocs.tinet.cat\/desdelsenyilarauxa\/2013\/01\/29\/corrupcio\/\">Continua llegint <span class=\"meta-nav\">&rarr;<\/span><\/a><\/p>\n","protected":false},"author":45,"featured_media":0,"comment_status":"open","ping_status":"open","sticky":false,"template":"","format":"standard","meta":{"footnotes":""},"categories":[8,1,9,6],"tags":[35],"class_list":["post-443","post","type-post","status-publish","format-standard","hentry","category-catalunya","category-general","category-mon","category-personal","tag-corrupcio"],"_links":{"self":[{"href":"https:\/\/blocs.tinet.cat\/desdelsenyilarauxa\/wp-json\/wp\/v2\/posts\/443","targetHints":{"allow":["GET"]}}],"collection":[{"href":"https:\/\/blocs.tinet.cat\/desdelsenyilarauxa\/wp-json\/wp\/v2\/posts"}],"about":[{"href":"https:\/\/blocs.tinet.cat\/desdelsenyilarauxa\/wp-json\/wp\/v2\/types\/post"}],"author":[{"embeddable":true,"href":"https:\/\/blocs.tinet.cat\/desdelsenyilarauxa\/wp-json\/wp\/v2\/users\/45"}],"replies":[{"embeddable":true,"href":"https:\/\/blocs.tinet.cat\/desdelsenyilarauxa\/wp-json\/wp\/v2\/comments?post=443"}],"version-history":[{"count":0,"href":"https:\/\/blocs.tinet.cat\/desdelsenyilarauxa\/wp-json\/wp\/v2\/posts\/443\/revisions"}],"wp:attachment":[{"href":"https:\/\/blocs.tinet.cat\/desdelsenyilarauxa\/wp-json\/wp\/v2\/media?parent=443"}],"wp:term":[{"taxonomy":"category","embeddable":true,"href":"https:\/\/blocs.tinet.cat\/desdelsenyilarauxa\/wp-json\/wp\/v2\/categories?post=443"},{"taxonomy":"post_tag","embeddable":true,"href":"https:\/\/blocs.tinet.cat\/desdelsenyilarauxa\/wp-json\/wp\/v2\/tags?post=443"}],"curies":[{"name":"wp","href":"https:\/\/api.w.org\/{rel}","templated":true}]}}