{"id":425,"date":"2012-11-28T11:01:52","date_gmt":"2012-11-28T11:01:52","guid":{"rendered":"https:\/\/blocs.tinet.cat\/desdelsenyilarauxa\/?p=425"},"modified":"2012-11-28T11:01:52","modified_gmt":"2012-11-28T11:01:52","slug":"la-meva-analisi-electoral","status":"publish","type":"post","link":"https:\/\/blocs.tinet.cat\/desdelsenyilarauxa\/2012\/11\/28\/la-meva-analisi-electoral\/","title":{"rendered":"La meva an\u00e0lisi electoral"},"content":{"rendered":"<p style=\"text-align: justify\">Passats uns dies de les eleccions al Parlament de Catalunya, tinc ganes de reflexionar p\u00fablicament sobre els resultats de la passada contesa electoral. He sentit molts tipus de comentaris pels mitjans de comunicaci\u00f3, per\u00f2 he de confessar que cap dels comentaris que he pogut sentir no m&#8217;ha semblat prou atinat o complet. Sense pretendre que la meva an\u00e0lisi sigui la m\u00e9s encertada, intetar\u00e9 esbrossar una mica les meves reflexions.<\/p>\n<p style=\"text-align: justify\">Una conclusi\u00f3 resumida dels resultats em permet afirmar que la ciutadania catalana ha deixat prou clares dues coses. La primera \u00e9s que encomana al Parlament de Catalunya de forma clara que s&#8217;organitzi una consulta a la ciutadania per tal de decidir l&#8217;estatus pol\u00edtic de la nostra naci\u00f3, per tal que decideixi sobre si vol o no la seva independ\u00e8ncia pol\u00edtica. La segona conclusi\u00f3 \u00e9s que la ciutadania ha manifestat clarament que vol que aquest proc\u00e9s es comenci a construir ja des d&#8217;una \u00f2ptica econ\u00f2mica i social diferent de la que ha estat aplicant l&#8217;anterior govern de CiU; la composici\u00f3 del nou parlament deixa ben clar que la ciutadania vol que la pol\u00edtica de retallades i d&#8217;ajust econ\u00f2mic es faci de forma diferent a la que fins ara s&#8217;ha estat fent. Que tot complint els mandats europeus, les f\u00f3rmules per complir-les han de ser diferents a les que el govern de CiU ha estat implementant.<\/p>\n<p style=\"text-align: justify\">En resum, aquesta seria la meva an\u00e0lisi que ara intentar\u00e9 aprofundir.<\/p>\n<p style=\"text-align: justify\">CiU ha fracassat en el seu intent de lideratge absolut de l&#8217;exercici del nostre dret d&#8217;autodeterminaci\u00f3. Aquest lideratge ha estat encomanat al Parlament, que \u00e9s qui ha de portar al nou govern a la celebraci\u00f3 del refer\u00e8ndum. CiU no ha rebut la confian\u00e7a de tots aquells que estan pel dret a decidir, com pretenia. CiU ha fracasat en aquest intent, per\u00f2 el Parlament t\u00e9 m\u00e9s d&#8217;un centenar de diputats que estan per l&#8217;organitzaci\u00f3 de la consulta al poble de Catalunya. Nom\u00e9s 28 diputats hi estan clarament en contra.<\/p>\n<p style=\"text-align: justify\">Aix\u00ed, doncs, el frac\u00e0s de CiU no \u00e9s el frac\u00e0s del dret a decidir. No ens confonguem.<\/p>\n<p style=\"text-align: justify\">El panorama pol\u00edtic segueix essent al parlament tan complex com era abans. Set forces pol\u00edtiques hi estan representades, com abans, encara que amb algun canvi. Solidaritat no hi \u00e9s, per\u00f2 s\u00ed la CUP. El cinqu\u00e8 partit de la passada legislatura, ERC, \u00e9s ara el segon partit del Parlament. El lideratge de l&#8217;Oriol Junqueras ha comportat que l&#8217;electorat diposit\u00e9s de nou en ERC part de la seva confian\u00e7a. \u00c9s una segona oportunitat per a ERC que ha de posar tots els seus esfor\u00e7os en no cometre els mateixos errors del passat. La prioritat d&#8217;ERC ha de ser servir el pa\u00eds, no prioritzar l&#8217;ocupaci\u00f3 de quotes de poder. Ser garants d&#8217;all\u00f2 que he resumit al principi. Que el pa\u00eds camina inexorablement cap a l&#8217;exercici del dret a decidir sobre la seva sobirania i que aquest cam\u00ed el farem amb pol\u00edtiques de contenci\u00f3\u00a0econ\u00f2mica per\u00f2 de canvis importants en com aconseguim els ajustaments del d\u00e8ficit i el deute. Sobretot, sense perdre de vista que el que no podem posar en joc \u00e9s el servei a les persones, la formaci\u00f3, l&#8217;educaci\u00f3, la salut, la\u00a0recerca, etc. El repte \u00e9s important. La ciutadania ha deixat prou clar quines s\u00f3n les f\u00f3rmules que no vol per aconseguir els objectius econ\u00f2mics. Ara toca al Parlament proposar f\u00f3rmules alternatives que permetin contenir el d\u00e8ficit i el deute sense malmetre el benestar essencial de la gent.<\/p>\n<p style=\"text-align: justify\">El partit majoritari, la coalici\u00f3 CiU, ha sortit afeblit de les passades eleccions. Perqu\u00e8 la ciutadania no s&#8217;ha cregut la voluntat ferma de CiU de dur-nos a la plena sobirania i perqu\u00e8 no vol que les pol\u00edtiques econ\u00f2miques i socials segueixin malmetent el nostre futur col\u00b7lectiu i individual.<\/p>\n<p style=\"text-align: justify\">Ara sentim a CiU\u00a0fent crides a la responsabilitat. Per\u00f2 com\u00a0en altres ocasions, juguen amb les paraules. Presenten i equiparen la responsabilitat amb l&#8217;entrada al govern. Sembla que h\u00e0gim d&#8217;admetre que l&#8217;oposici\u00f3 no pot ser res m\u00e9s que irresponsable. Responsable cal que ho siguin tots, des del govern o des de l&#8217;oposici\u00f3.<\/p>\n<p style=\"text-align: justify\">Un govern fort pot ser-ho de diferents maneres. El que far\u00e0 fort un govern no \u00e9s nom\u00e9s el suport parlamentari que tingui o el nombre de partits que entrin a formar govern, sin\u00f3 que ser\u00e0 fort en tant que sigui conseq\u00fcent amb el missatge que la ciutadania ha enviat amb els resultats electorals. CiU no podr\u00e0 aplicar el seu programa econ\u00f2mic perqu\u00e8 la ciutadania ha donat un gir m\u00e9s progressista\u00a0al parlament. En l&#8217;\u00e0mbit nacional, la fortalesa del govern recau sobre la majoria del Parlament que est\u00e0 en conson\u00e0ncia amb la voluntat del poble en voler decidir el seu futur.<\/p>\n<p style=\"text-align: justify\">ERC haur\u00e0 de rumiar molt b\u00e9 com es posiciona. D&#8217;entrada, ja ha avisat que ning\u00fa pensi en coses rares com plantejar-se si hi pot haver un altre govern no format i presidit pel senyor Mas. A aquest li correspon l&#8217;enc\u00e0rrec democr\u00e0tic de formar govern. Els\u00a0suports al govern no vindran per l&#8217;adscripci\u00f3 dels seus membres, sin\u00f3 per les pol\u00edtiques\u00a0econ\u00f2miques que proposar\u00e0 i pel cam\u00ed nacional a seguir. L&#8217;experi\u00e8ncia de govern d&#8217;ERC passada pesar\u00e0 molt en la decisi\u00f3 dels republicans. No poden caure en\u00a0els mateixos errors del passat. El primer tripartit va ser un encert, des del meu punt de vista, per\u00f2 el segon no. Entrar en un govern de coalici\u00f3 amb CiU \u00e9s una alternativa que mai s&#8217;hauria de plantejar en termes de quants seients ocupar\u00e0 cada for\u00e7a pol\u00edtica en el govern, sin\u00f3 de les pol\u00edtiques que l&#8217;esmentat govern hauria d&#8217;aplicar. Pol\u00edtiques que com ja he dit, han d&#8217;anar en conson\u00e0ncia amb la decisi\u00f3 de l&#8217;electorat.<\/p>\n<p style=\"text-align: justify\">Per\u00f2 ERC tamb\u00e9 pot decidir no entrar\u00a0al govern i\u00a0fer un acord de legislatura basat en els grans eixos nacionals i econ\u00f2mico-socials que el pa\u00eds necessita. O pot mantenir-se n\u00edtidament a l&#8217;oposici\u00f3, trencant aquella idea que sembla que tothom accepta que estar a l&#8217;oposici\u00f3 no implica cap mena de responsabilitat en el progr\u00e9s del pa\u00eds. ERC t\u00e9 al davant un repte i una oportunitat en el context actual. Demostrar com es concreta el servei a un pa\u00eds per damunt del servei a un partit. I aix\u00f2 es pot dur a terme des del govern, des d&#8217;un pacte de legislatura o des de l&#8217;oposici\u00f3, amb assumpci\u00f3 de la responsabilitat que hauria d&#8217;implicar ser el segon grup pol\u00edtic del parlament i la for\u00e7a majorit\u00e0ria de l&#8217;oposici\u00f3, aix\u00ed com ser, simplement, representants del poble.<\/p>\n<p style=\"text-align: justify\">Hi haur\u00e0 fortes pressions de diversos sectors que intentaran\u00a0posar els seus interessos per damunt dels del pa\u00eds i en\u00a0funci\u00f3 dels seus interessos particulars pressionaran per una f\u00f3rmula o una altra. ERC ha de tenir el cap prou clar i els peus a terra per demostrar que sap el qu\u00e8 vol i com hi vol arribar. Per domostrar al pa\u00eds que no s&#8217;ha equivocat en donar-los la for\u00e7a que han rebut i la confian\u00e7a que hi han dipositat. I aix\u00f2 \u00e9s m\u00e9s important que entrar al\u00a0govern o no fer-ho. Confio en la nova Esquerra i confio en el lideratge de l&#8217;Oriol Junqueras. Les pressions seran terribles, des dels lobis, des dels mitjans de comunicaci\u00f3, des de tot arreu. Serenitat i idees clares. Aix\u00f2 \u00e9s el que cal.<\/p>\n<p style=\"text-align: justify\">L&#8217;objectiu que la ciutadania ha manifestat clarament amb el seu vot \u00e9s doble i molt clar. Que Catalunya, els seus ciutadans i ciutadanes, han de poder manifestar democr\u00e0ticament si es vol constituir en un nou estat europeu i que vol mantenir els drets socials, econ\u00f2mics i de ciutadania que tant ens\u00a0han costat de guanyar. Tot aix\u00f2 pensant en el present i el futur del nostre pa\u00eds, de la seva gent, de la nostra capacitat\u00a0creativa i investigadora, productiva i emprenedora, del manteniment del nostre nivell de vida, que sabem i acceptem que caldr\u00e0 ajustar pressupostos, despeses i ingressos, etc.<\/p>\n<p style=\"text-align: justify\">El repte \u00e9s apassionant. El pa\u00eds \u00e9s viu com mai. El que necesitem tots plegats \u00e9s que els nostres representants pol\u00edtics facin mans i m\u00e0nigues per assolir tots aquests anhels. \u00a0\u00a0\u00a0\u00a0\u00a0\u00a0<\/p>\n","protected":false},"excerpt":{"rendered":"<p>Passats uns dies de les eleccions al Parlament de Catalunya, tinc ganes de reflexionar p\u00fablicament sobre els resultats de la passada contesa electoral. He sentit molts tipus de comentaris pels mitjans de comunicaci\u00f3, per\u00f2 he de confessar que cap dels &hellip; <a href=\"https:\/\/blocs.tinet.cat\/desdelsenyilarauxa\/2012\/11\/28\/la-meva-analisi-electoral\/\">Continua llegint <span class=\"meta-nav\">&rarr;<\/span><\/a><\/p>\n","protected":false},"author":45,"featured_media":0,"comment_status":"open","ping_status":"open","sticky":false,"template":"","format":"standard","meta":{"footnotes":""},"categories":[8,6],"tags":[29,77,12,26,25,28],"class_list":["post-425","post","type-post","status-publish","format-standard","hentry","category-catalunya","category-personal","tag-analisi-electoral","tag-catalunya","tag-economia","tag-eleccions","tag-erc","tag-parlament"],"_links":{"self":[{"href":"https:\/\/blocs.tinet.cat\/desdelsenyilarauxa\/wp-json\/wp\/v2\/posts\/425","targetHints":{"allow":["GET"]}}],"collection":[{"href":"https:\/\/blocs.tinet.cat\/desdelsenyilarauxa\/wp-json\/wp\/v2\/posts"}],"about":[{"href":"https:\/\/blocs.tinet.cat\/desdelsenyilarauxa\/wp-json\/wp\/v2\/types\/post"}],"author":[{"embeddable":true,"href":"https:\/\/blocs.tinet.cat\/desdelsenyilarauxa\/wp-json\/wp\/v2\/users\/45"}],"replies":[{"embeddable":true,"href":"https:\/\/blocs.tinet.cat\/desdelsenyilarauxa\/wp-json\/wp\/v2\/comments?post=425"}],"version-history":[{"count":0,"href":"https:\/\/blocs.tinet.cat\/desdelsenyilarauxa\/wp-json\/wp\/v2\/posts\/425\/revisions"}],"wp:attachment":[{"href":"https:\/\/blocs.tinet.cat\/desdelsenyilarauxa\/wp-json\/wp\/v2\/media?parent=425"}],"wp:term":[{"taxonomy":"category","embeddable":true,"href":"https:\/\/blocs.tinet.cat\/desdelsenyilarauxa\/wp-json\/wp\/v2\/categories?post=425"},{"taxonomy":"post_tag","embeddable":true,"href":"https:\/\/blocs.tinet.cat\/desdelsenyilarauxa\/wp-json\/wp\/v2\/tags?post=425"}],"curies":[{"name":"wp","href":"https:\/\/api.w.org\/{rel}","templated":true}]}}