{"id":352,"date":"2012-06-28T17:44:35","date_gmt":"2012-06-28T17:44:35","guid":{"rendered":"https:\/\/blocs.tinet.cat\/desdelsenyilarauxa\/?p=352"},"modified":"2012-06-28T17:44:35","modified_gmt":"2012-06-28T17:44:35","slug":"deute-immoral","status":"publish","type":"post","link":"https:\/\/blocs.tinet.cat\/desdelsenyilarauxa\/2012\/06\/28\/deute-immoral\/","title":{"rendered":"Deute immoral"},"content":{"rendered":"<p style=\"text-align: justify\">Abans que res, deixar ben clar que no s\u00f3c economista, ni res que s&#8217;hi assembli. Per tant, si dic massa rucades, ja em perdonareu. De tota manera, la professi\u00f3 d&#8217;economista em sembla que ha quedat una mica desprestigiada en el sentit que no s\u00f3n persones que els puguem fer massa cas a l&#8217;hora de parlar del futur i de recomanar receptes exitoses que evitin situacions com les que estem vivint. Ben pocs van preveure la magnitud de la trag\u00e8dia actual i ben pocs aporten solucions justes i \u00e8tiques\u00a0per resoldre el daltabaix en el qual estem immersos.<\/p>\n<p style=\"text-align: justify\">Avui tenim els dirigents europeus reunits fins dem\u00e0 per cercar solucions. La Uni\u00f3 Europea sempre acostuma a ser reactiva. Sempre proposen solucions ad hoc. Rarament fan aportacions per bastir una Uni\u00f3 Europea com la que fa temps molts hav\u00edem somniat. Sempre tapant forats tot esperant que s&#8217;obri una altra via d&#8217;aigua per alguna altra escletxa.<\/p>\n<p style=\"text-align: justify\">Ara estan preocupats pel deute, per la viabilitat de la moneda \u00fanica, etc. Quan han tingut l&#8217;ocasi\u00f3 de fer una uni\u00f3 fiscal, financera i pol\u00edtica que ens hagu\u00e9s evitat en gran mesura el desastre actual, van mirar cap a una altra banda. Ara, correm-hi tots. Ara parlen d&#8217;una uni\u00f3 banc\u00e0ria. Ja tremolo.<\/p>\n<p style=\"text-align: justify\">Hi ha una cosa que no he ent\u00e8s mai. Perqu\u00e8 els pa\u00efsos, o millor dit, els estats han de rec\u00f3rrer a l&#8217;emissi\u00f3 de deute per finan\u00e7ar les seves despeses? No ho he ent\u00e8s mai. No paguem impostos els ciutadans? No hauria de ser suficient? Segurament no. No paguen impostos les societats mercantils per la seva activitat econ\u00f2mica? No hauria de ser suficient? No paguem tots plegats impostos indirectes per les nostres transaccions econ\u00f2miques, com l&#8217;IVA i altres c\u00e0nons? No paguem impostos cada vegada que comprem o venem alguna propietat i paguem plusv\u00e0lues?<\/p>\n<p style=\"text-align: justify\">Ah, per\u00f2 n&#8217;hi ha uns que no paguen. Els especuladors i els que trafiquen amb capitals, ja sigui comprant deute, ja sigui participant en mercats de futurs que engloben coses tan essencials com aliments i altres productes de primera i b\u00e0sica necessitat. Persones amb cara i ulls, institucions i organismes gens democr\u00e0tics que no dubten en ensorrar economies de milions de persones amb un clic damunt d&#8217;un teclat que transfereix en pcs segons capitals arreu del m\u00f3n i que sense haver produ\u00eft, ni aportat res a la col\u00b7lectivitat, recuperen incrementats en desmesura. Aquests moviments no generen cap mena de benefici per les nacions, pels pobles, tan sols per a ells. Perqu\u00e8 el m\u00f3n no es posa d&#8217;acord per gravar tots aquests moviments sense cor, ni \u00e0nima que condemnen altra gent a la pobresa?<\/p>\n<p style=\"text-align: justify\">El que fem encara \u00e9s pitjor. Encara els premiem perqu\u00e8 ens deixin uns quants diners a costa de pagar-los uns interessos descomunals que ells mateixos fan pujar o baixar segons el seu inter\u00e8s.<\/p>\n<p style=\"text-align: justify\">El pitjor de tot plegat, per\u00f2,\u00a0\u00e9s que tot aix\u00f2 ho fan davant els nostres nassos i amb la nostra conniv\u00e8ncia. S\u00ed, nosaltres som c\u00f2mplices d&#8217;aquest sistema. Ens pleguem davant aquest sistema com si estigu\u00e9ssim davant d&#8217;un sistema intocable, que\u00a0no t\u00e9 alternativa. Si els ciutadans del primer m\u00f3n, els que pertanyem a la UE encara ens hi considerem, no som capa\u00e7os de defensar un model social bastit\u00a0en acabar la segona guerra mundial, quina esperan\u00e7a han de tenir els habitants, les persones del tercer m\u00f3n?<\/p>\n<p style=\"text-align: justify\">La nostra actitud \u00e9s una actitud ego\u00efsta, i m&#8217;hi incloc. Tots pensem, mentre a mi ni em toqui, o mentre jo pugui anar tirant, rai. No som conscients que el m\u00f3n i la nostra societat no \u00e9s una cosa que hem heredat gratu\u00eftament, som on som gr\u00e0cies als sacrificis dels nostres pares i avis. Per\u00f2 sobretot, som dipositaris d&#8217;un pr\u00e9stec que ens fan les generacions futures per tal que els deixem una societat m\u00e9s justa socialment,\u00a0econ\u00f2mica i pol\u00edtica. El deute el tenim amb ells, amb els que ens vindran al darrera, els nostres fills o els nostres n\u00e9ts.<\/p>\n<p style=\"text-align: justify\">Si els hem dut a aquest m\u00f3n, \u00e9s per donar-los una qualitat de vida digna i justa. No perqu\u00e8 vegin com uns pocs s&#8217;enduen la riquesa que ens pertany a tots per igual. A vegades diem que\u00a0ells\u00a0ja s&#8217;espavilaran.\u00a0Com ho han de fer, si nosaltres no els hem ensenyat com fer-ho, si el que han vist en nosaltres \u00e9s una colla de mesells que es pleguen als designis dels m\u00e9s forts?<\/p>\n<p style=\"text-align: justify\">El sistema\u00a0econ\u00f2mic i financer que ens engloba \u00e9s immoral i mancat d&#8217;\u00e8tica. No sembla que ens preocupi. Ens ocupem de coses molt m\u00e9s sup\u00e8rflues i deixem de banda les essencials que ens atorguen la categoria de persones i de ciutadans. No reaccionem. Nosaltres tindrem el que ens mereixem, possiblement. Per\u00f2 els nostres fills no s&#8217;ho mereixen. Reaccionarem? No ho s\u00e9. No s\u00f3c optimista, tot ser una persona\u00a0optimista. Ens cal un comprom\u00eds individual\u00a0capa\u00e7 d&#8217;originar un comprom\u00eds col\u00b7lectiu. \u00c9s l&#8217;\u00fanica manera de resoldre la situaci\u00f3. Un m\u00f3n nou en una terra vella que no apareixer\u00e0 per art de m\u00e0gia. On a part de mirar el nostre melic, ens importi el melic del\u00a0que tenim al \u00a0costat. Alg\u00fa ha de comen\u00e7ar a marcar el cam\u00ed.\u00a0\u00a0\u00a0<\/p>\n","protected":false},"excerpt":{"rendered":"<p>Abans que res, deixar ben clar que no s\u00f3c economista, ni res que s&#8217;hi assembli. Per tant, si dic massa rucades, ja em perdonareu. De tota manera, la professi\u00f3 d&#8217;economista em sembla que ha quedat una mica desprestigiada en el &hellip; <a href=\"https:\/\/blocs.tinet.cat\/desdelsenyilarauxa\/2012\/06\/28\/deute-immoral\/\">Continua llegint <span class=\"meta-nav\">&rarr;<\/span><\/a><\/p>\n","protected":false},"author":45,"featured_media":0,"comment_status":"open","ping_status":"open","sticky":false,"template":"","format":"standard","meta":{"footnotes":""},"categories":[1,9],"tags":[],"class_list":["post-352","post","type-post","status-publish","format-standard","hentry","category-general","category-mon"],"_links":{"self":[{"href":"https:\/\/blocs.tinet.cat\/desdelsenyilarauxa\/wp-json\/wp\/v2\/posts\/352","targetHints":{"allow":["GET"]}}],"collection":[{"href":"https:\/\/blocs.tinet.cat\/desdelsenyilarauxa\/wp-json\/wp\/v2\/posts"}],"about":[{"href":"https:\/\/blocs.tinet.cat\/desdelsenyilarauxa\/wp-json\/wp\/v2\/types\/post"}],"author":[{"embeddable":true,"href":"https:\/\/blocs.tinet.cat\/desdelsenyilarauxa\/wp-json\/wp\/v2\/users\/45"}],"replies":[{"embeddable":true,"href":"https:\/\/blocs.tinet.cat\/desdelsenyilarauxa\/wp-json\/wp\/v2\/comments?post=352"}],"version-history":[{"count":0,"href":"https:\/\/blocs.tinet.cat\/desdelsenyilarauxa\/wp-json\/wp\/v2\/posts\/352\/revisions"}],"wp:attachment":[{"href":"https:\/\/blocs.tinet.cat\/desdelsenyilarauxa\/wp-json\/wp\/v2\/media?parent=352"}],"wp:term":[{"taxonomy":"category","embeddable":true,"href":"https:\/\/blocs.tinet.cat\/desdelsenyilarauxa\/wp-json\/wp\/v2\/categories?post=352"},{"taxonomy":"post_tag","embeddable":true,"href":"https:\/\/blocs.tinet.cat\/desdelsenyilarauxa\/wp-json\/wp\/v2\/tags?post=352"}],"curies":[{"name":"wp","href":"https:\/\/api.w.org\/{rel}","templated":true}]}}