{"id":332,"date":"2012-05-20T22:38:04","date_gmt":"2012-05-20T22:38:04","guid":{"rendered":"https:\/\/blocs.tinet.cat\/desdelsenyilarauxa\/?p=332"},"modified":"2012-05-20T22:38:04","modified_gmt":"2012-05-20T22:38:04","slug":"pluja-castells-i-pedra","status":"publish","type":"post","link":"https:\/\/blocs.tinet.cat\/desdelsenyilarauxa\/2012\/05\/20\/pluja-castells-i-pedra\/","title":{"rendered":"Pluja, castells i pedra"},"content":{"rendered":"<p style=\"text-align: justify\">Avui la Colla Joves Xiquets de Valls feia la seva tradicional actuaci\u00f3 a El\u00a0Mil\u00e0, a pocs quil\u00f2metres de Valls. Ens acompanyaven els Burdegassos de Vilanova i un temps r\u00fafol i amena\u00e7ador que feia pensar que l&#8217;actuaci\u00f3 no es podria dur a terme. Amb un cel encapotat que triava selectivament on deixava anar la seva pluja generosa i on no. Passada la una del migdia,\u00a0la mare natura ens ha concedit una treva i l&#8217;actuaci\u00f3 s&#8217;ha pogut realitzar.\u00a0La Joves\u00a0ha plantat un tres de vuit de postal, un quatre de vuit que segueix el seu rodatge i consolidaci\u00f3 i un cinc de set que t\u00e9 ganes d&#8217;afegir-hi un pis en poques setmanes. La colla segueix consolidant els seus castells base que cada vegada es veuen m\u00e9s ben plantats.<\/p>\n<p style=\"text-align: justify\">Hom diria que\u00a0demanen ja fer un pas m\u00e9s, per\u00f2 cal ser prudents i seguir el calendari fixat. Ben aviat haurem de passar ja la primera pedra de toc. No falta gaire. Posats a demanar, caldria veure ja aviat el primer dos de la temporada. Per\u00f2 seguim confiant en la planificaci\u00f3 del Cap de Colla i de tot el seu equip que, sense pauses, per\u00f2 sense presses, estan posant el fonament\u00a0que ens ha de permetre enlairar-nos\u00a0ben amunt. Som a les portes del mes de juny, el mes que ens passar\u00e0 la prova del cot\u00f3. Els assajos deixen bon regust de\u00a0boca. Si som capa\u00e7os de millorar l&#8217;assist\u00e8ncia a l&#8217;assaig\u00a0general del dimecres i\u00a0d&#8217;incrementar encara m\u00e9s el de divendres, la sort jugar\u00e0 un paper secundari.<\/p>\n<p style=\"text-align: justify\">Avui a El Mil\u00e0, ni les pedres com avellanes caigudes del cel no ens han impedit fer una\u00a0bona actuaci\u00f3 de vuit. A aquells que, per una temporada no massa reeixida l&#8217;any passat, pensaven que la Joves tenia una crisi que ens deixaria tocats de per vida, els auguro un desengany, perqu\u00e8 una colla com la nostra no es deixa anar f\u00e0cilment davant les ensopegades, sin\u00f3 que, com l&#8217;au F\u00e8nix, reneix i treu forces del seu saber fer demostrat en desenes i centenars d&#8217;anys. Temps al temps i en sentirem a parlar.<\/p>\n<p style=\"text-align: justify\">Aqu\u00ed\u00a0deixo les imatges de la nostra actuaci\u00f3 d&#8217;aquest diumenge.\u00a0<\/p>\n<p style=\"text-align: justify\"><\/p>\n","protected":false},"excerpt":{"rendered":"<p>Avui la Colla Joves Xiquets de Valls feia la seva tradicional actuaci\u00f3 a El\u00a0Mil\u00e0, a pocs quil\u00f2metres de Valls. Ens acompanyaven els Burdegassos de Vilanova i un temps r\u00fafol i amena\u00e7ador que feia pensar que l&#8217;actuaci\u00f3 no es podria dur &hellip; <a href=\"https:\/\/blocs.tinet.cat\/desdelsenyilarauxa\/2012\/05\/20\/pluja-castells-i-pedra\/\">Continua llegint <span class=\"meta-nav\">&rarr;<\/span><\/a><\/p>\n","protected":false},"author":45,"featured_media":0,"comment_status":"open","ping_status":"open","sticky":false,"template":"","format":"standard","meta":{"footnotes":""},"categories":[8,7],"tags":[],"class_list":["post-332","post","type-post","status-publish","format-standard","hentry","category-catalunya","category-valls"],"_links":{"self":[{"href":"https:\/\/blocs.tinet.cat\/desdelsenyilarauxa\/wp-json\/wp\/v2\/posts\/332","targetHints":{"allow":["GET"]}}],"collection":[{"href":"https:\/\/blocs.tinet.cat\/desdelsenyilarauxa\/wp-json\/wp\/v2\/posts"}],"about":[{"href":"https:\/\/blocs.tinet.cat\/desdelsenyilarauxa\/wp-json\/wp\/v2\/types\/post"}],"author":[{"embeddable":true,"href":"https:\/\/blocs.tinet.cat\/desdelsenyilarauxa\/wp-json\/wp\/v2\/users\/45"}],"replies":[{"embeddable":true,"href":"https:\/\/blocs.tinet.cat\/desdelsenyilarauxa\/wp-json\/wp\/v2\/comments?post=332"}],"version-history":[{"count":0,"href":"https:\/\/blocs.tinet.cat\/desdelsenyilarauxa\/wp-json\/wp\/v2\/posts\/332\/revisions"}],"wp:attachment":[{"href":"https:\/\/blocs.tinet.cat\/desdelsenyilarauxa\/wp-json\/wp\/v2\/media?parent=332"}],"wp:term":[{"taxonomy":"category","embeddable":true,"href":"https:\/\/blocs.tinet.cat\/desdelsenyilarauxa\/wp-json\/wp\/v2\/categories?post=332"},{"taxonomy":"post_tag","embeddable":true,"href":"https:\/\/blocs.tinet.cat\/desdelsenyilarauxa\/wp-json\/wp\/v2\/tags?post=332"}],"curies":[{"name":"wp","href":"https:\/\/api.w.org\/{rel}","templated":true}]}}