{"id":327,"date":"2012-05-08T07:48:02","date_gmt":"2012-05-08T07:48:02","guid":{"rendered":"https:\/\/blocs.tinet.cat\/desdelsenyilarauxa\/?p=327"},"modified":"2012-05-08T07:48:02","modified_gmt":"2012-05-08T07:48:02","slug":"de-banquers-i-salaris","status":"publish","type":"post","link":"https:\/\/blocs.tinet.cat\/desdelsenyilarauxa\/2012\/05\/08\/de-banquers-i-salaris\/","title":{"rendered":"De banquers i salaris"},"content":{"rendered":"<p style=\"text-align: justify\">Bankia ser\u00e0 rescatada. Sembla que aquesta \u00e9s una not\u00edcia que avui ning\u00fa discuteix. El Govern espanyol haur\u00e0 de posar uns quants milers de milions equivalents al que el mateix govern diu que cal retallar en educaci\u00f3 i sanitat. Uns quants diners m\u00e9s dels espanyols i uns quants m\u00e9s dels catalans. Els inversors internacionals no van estar interessats en adquirir les accions de Bankia, segurament perqu\u00e8 no van creure&#8217;s el projecte presentat pel senyor Rato, cosa que que s\u00ed que van fer quatre-cents mil ciutadans espanyols.<\/p>\n<p style=\"text-align: justify\">El senyor Rato ara fuig dient que el projecte de Bankia \u00e9s fenomenal. Quina barra\u00a0no! Ara hi posaran un senyor amb cognom basc que va ser foragitat del BBVA amb una pasta que ja voldr\u00edem per la nostra sanitat i la nostra educaci\u00f3. Quin pa\u00eds. Un tio que el BBVA es va treure del damunt ara dirigir\u00e0 el\u00a0banc amb seu a Madrid. Madrid no permetr\u00e0 que Euskadi, Cant\u00e0bria i Catalunya siguin els pilars del sistema financer al\u00a0Regne d&#8217;Espanya.<\/p>\n<p style=\"text-align: justify\">Tornem a ser al mateix de sempre. La llei assegura un m\u00ednim de dip\u00f2sits que puguin tenir els\u00a0deu milions de clients de Bankia. Pel qu\u00e8 fa als accionistes de Bankia, haurien de c\u00f3rrer amb el risc que van assumir i que altres no van voler c\u00f3rrer. Per\u00f2 no, els haurem de pagar\u00a0el seu mal ull cl\u00ednic i haurem de salvar l&#8217;honor dels madrilenys.<\/p>\n<p style=\"text-align: justify\">I els directius? Rato va passar de cobrar 2,3 milions d&#8217;euros a cobrar-ne 600 mil, cosa que no s\u00f3n pocs. No va ser per pr\u00f2pia voluntat, sin\u00f3 en ser el cap d&#8217;una entitat intervinguda. Seguim tenint persones que cobren unes quantitats immorals per fer la seva feina. Se suposa que la cobren per fer les coses b\u00e9. Per\u00f2 qu\u00e8 els hi passa\u00a0si no les fan b\u00e9? Doncs no res. Ja hem pogut veure com un d&#8217;aquests prohoms ha estat condemnat i indultat tot seguit. I a m\u00e9s ha continuat en el c\u00e0rrec. Ja veurem la quantitat que Rato s&#8217;emporta per deixar la seva responsabilitat.<\/p>\n<p style=\"text-align: justify\">Jo podria dir que, tot i ser immorals, els sous que cobra aquesta gent, no diria massa cosa si la seva responsabilitat civil i penal fos equiparable al seu sou. Per\u00f2 aix\u00f2 no \u00e9s aix\u00ed. Segueixen visquent amb una impunitat vergonyant. El sistema est\u00e0 podrit i \u00e9s injust socialment i \u00e8tica. Tot plegat \u00e9s indignant. Per\u00f2 tranquils, tot seguir\u00e0 igual i res no canviar\u00e0. Mentrestant, els catalans farem una Marat\u00f3 per la pobresa. Veure per creure.<\/p>\n<p style=\"text-align: justify\">\u00a0<\/p>\n","protected":false},"excerpt":{"rendered":"<p>Bankia ser\u00e0 rescatada. Sembla que aquesta \u00e9s una not\u00edcia que avui ning\u00fa discuteix. El Govern espanyol haur\u00e0 de posar uns quants milers de milions equivalents al que el mateix govern diu que cal retallar en educaci\u00f3 i sanitat. Uns quants &hellip; <a href=\"https:\/\/blocs.tinet.cat\/desdelsenyilarauxa\/2012\/05\/08\/de-banquers-i-salaris\/\">Continua llegint <span class=\"meta-nav\">&rarr;<\/span><\/a><\/p>\n","protected":false},"author":45,"featured_media":0,"comment_status":"open","ping_status":"open","sticky":false,"template":"","format":"standard","meta":{"footnotes":""},"categories":[1],"tags":[],"class_list":["post-327","post","type-post","status-publish","format-standard","hentry","category-general"],"_links":{"self":[{"href":"https:\/\/blocs.tinet.cat\/desdelsenyilarauxa\/wp-json\/wp\/v2\/posts\/327","targetHints":{"allow":["GET"]}}],"collection":[{"href":"https:\/\/blocs.tinet.cat\/desdelsenyilarauxa\/wp-json\/wp\/v2\/posts"}],"about":[{"href":"https:\/\/blocs.tinet.cat\/desdelsenyilarauxa\/wp-json\/wp\/v2\/types\/post"}],"author":[{"embeddable":true,"href":"https:\/\/blocs.tinet.cat\/desdelsenyilarauxa\/wp-json\/wp\/v2\/users\/45"}],"replies":[{"embeddable":true,"href":"https:\/\/blocs.tinet.cat\/desdelsenyilarauxa\/wp-json\/wp\/v2\/comments?post=327"}],"version-history":[{"count":0,"href":"https:\/\/blocs.tinet.cat\/desdelsenyilarauxa\/wp-json\/wp\/v2\/posts\/327\/revisions"}],"wp:attachment":[{"href":"https:\/\/blocs.tinet.cat\/desdelsenyilarauxa\/wp-json\/wp\/v2\/media?parent=327"}],"wp:term":[{"taxonomy":"category","embeddable":true,"href":"https:\/\/blocs.tinet.cat\/desdelsenyilarauxa\/wp-json\/wp\/v2\/categories?post=327"},{"taxonomy":"post_tag","embeddable":true,"href":"https:\/\/blocs.tinet.cat\/desdelsenyilarauxa\/wp-json\/wp\/v2\/tags?post=327"}],"curies":[{"name":"wp","href":"https:\/\/api.w.org\/{rel}","templated":true}]}}