{"id":203,"date":"2011-10-03T09:20:06","date_gmt":"2011-10-03T09:20:06","guid":{"rendered":"https:\/\/blocs.tinet.cat\/desdelsenyilarauxa\/?p=203"},"modified":"2011-10-03T09:20:06","modified_gmt":"2011-10-03T09:20:06","slug":"nobels-assassins","status":"publish","type":"post","link":"https:\/\/blocs.tinet.cat\/desdelsenyilarauxa\/2011\/10\/03\/nobels-assassins\/","title":{"rendered":"Nobels assassins!"},"content":{"rendered":"<p style=\"text-align: justify\">Aquesta setmana coneixerem els guardonats amb els diferents premis Nobel en la seva edici\u00f3 del 2011. En aquests moments em v\u00e9 a la mem\u00f2ria que fa dos anys l&#8217;acad\u00e8mia sueca va guardonar el senyor Obama amb el premi Nobel de la pau. Ning\u00fa va saber els m\u00e8rits que el flamant president dels Estats Units havia acumulat per a rebre tal distinci\u00f3, per\u00f2 el fet \u00e9s que li van lliurar. No crec que digui cap disbarat si dic que aix\u00f2 dels Nobel sembla que hagi entrat en recessi\u00f3, una mica com el m\u00f3n actual.<\/p>\n<p style=\"text-align: justify\">Fa uns dies ens van anunciar que el premi Nobel de la Pau del 2009 havia autoritzat l&#8217;assassinat d&#8217;un dirigent d&#8217;Al-Qaeda de no recordo quin pa\u00eds. L&#8217;ordre es va executar amb precisi\u00f3 mitjan\u00e7ant un avi\u00f3 no tripulat. A les not\u00edcies vam poder veure algunes imatges del terrorista proclamant que qualsevol podia matar nord-americans sense demanar perm\u00eds, que fent-ho aix\u00ed faria un gran b\u00e9 a l&#8217;islam. Realment el personatge no era pas un santet. Per\u00f2 jo em pregunto quina difer\u00e8ncia hi ha entre el que aquest individu proclamava i el que el nobelat de la pau 2009 fa. Jo crec que cap. Que aquest darrer sigui un c\u00e0rrec democr\u00e0ticament elegit pels ciutadans del seu pa\u00eds no li d\u00f3na cap dret a executar persones sense un procediment judicial amb garanties. Ja ho van fer amb Ben Laden i ho fan sovint, sota un revestiment de legalitat, en desenes d&#8217;estats del seu pa\u00eds. Potser d&#8217;aqu\u00ed uns anys alg\u00fa em sabr\u00e0 donar les raons que van portar als suecs a donar-li un premi com aquest.<\/p>\n<p style=\"text-align: justify\">Amb ell, com amb tants altres, el Nobel de la pau\u00a0ha\u00a0devaluat molt el seu prestigi. Fins i tot el donen a assassins, ni que ho siguin per la via de la inducci\u00f3.\u00a0<\/p>\n","protected":false},"excerpt":{"rendered":"<p>Aquesta setmana coneixerem els guardonats amb els diferents premis Nobel en la seva edici\u00f3 del 2011. En aquests moments em v\u00e9 a la mem\u00f2ria que fa dos anys l&#8217;acad\u00e8mia sueca va guardonar el senyor Obama amb el premi Nobel de &hellip; <a href=\"https:\/\/blocs.tinet.cat\/desdelsenyilarauxa\/2011\/10\/03\/nobels-assassins\/\">Continua llegint <span class=\"meta-nav\">&rarr;<\/span><\/a><\/p>\n","protected":false},"author":45,"featured_media":0,"comment_status":"open","ping_status":"open","sticky":false,"template":"","format":"standard","meta":{"footnotes":""},"categories":[9],"tags":[],"class_list":["post-203","post","type-post","status-publish","format-standard","hentry","category-mon"],"_links":{"self":[{"href":"https:\/\/blocs.tinet.cat\/desdelsenyilarauxa\/wp-json\/wp\/v2\/posts\/203","targetHints":{"allow":["GET"]}}],"collection":[{"href":"https:\/\/blocs.tinet.cat\/desdelsenyilarauxa\/wp-json\/wp\/v2\/posts"}],"about":[{"href":"https:\/\/blocs.tinet.cat\/desdelsenyilarauxa\/wp-json\/wp\/v2\/types\/post"}],"author":[{"embeddable":true,"href":"https:\/\/blocs.tinet.cat\/desdelsenyilarauxa\/wp-json\/wp\/v2\/users\/45"}],"replies":[{"embeddable":true,"href":"https:\/\/blocs.tinet.cat\/desdelsenyilarauxa\/wp-json\/wp\/v2\/comments?post=203"}],"version-history":[{"count":0,"href":"https:\/\/blocs.tinet.cat\/desdelsenyilarauxa\/wp-json\/wp\/v2\/posts\/203\/revisions"}],"wp:attachment":[{"href":"https:\/\/blocs.tinet.cat\/desdelsenyilarauxa\/wp-json\/wp\/v2\/media?parent=203"}],"wp:term":[{"taxonomy":"category","embeddable":true,"href":"https:\/\/blocs.tinet.cat\/desdelsenyilarauxa\/wp-json\/wp\/v2\/categories?post=203"},{"taxonomy":"post_tag","embeddable":true,"href":"https:\/\/blocs.tinet.cat\/desdelsenyilarauxa\/wp-json\/wp\/v2\/tags?post=203"}],"curies":[{"name":"wp","href":"https:\/\/api.w.org\/{rel}","templated":true}]}}