{"id":195,"date":"2011-10-02T12:25:23","date_gmt":"2011-10-02T12:25:23","guid":{"rendered":"https:\/\/blocs.tinet.cat\/desdelsenyilarauxa\/?p=195"},"modified":"2011-10-02T18:03:09","modified_gmt":"2011-10-02T18:03:09","slug":"reus-llastima-de-cinc-de-vuit","status":"publish","type":"post","link":"https:\/\/blocs.tinet.cat\/desdelsenyilarauxa\/2011\/10\/02\/reus-llastima-de-cinc-de-vuit\/","title":{"rendered":"Reus, ll\u00e0stima de cinc de vuit!"},"content":{"rendered":"<p style=\"text-align: justify\">L&#8217;actuaci\u00f3 de la Colla Joves Xiquets de Valls a Reus, ahir a la tarda, va deixar tocada la colla. Hi havia ganes de\u00a0consolidar la progressi\u00f3 i consolidaci\u00f3 de les darreres setmanes. Enfilem la recta final de la temporada i ten\u00edem l&#8217;oportunitat de seguir fent passos endavant en aquesta progressi\u00f3. Despr\u00e9s d&#8217;uns mesos de juliol, agost i mig setembre durs, semblava que pod\u00edem retornar mica a mica al bon cam\u00ed. Una crisi com la que ha patit la Joves aquesta temporada no s&#8217;arregla amb un dia, ni s&#8217;arregla amb un castell. Demana recuperar el to i treballar b\u00e9, encertar en les dicisions i un comprom\u00eds de tots els seus membres, des del primer fins a l&#8217;\u00faltim. Ahir era una bona ocasi\u00f3 per fer un pas m\u00e9s, un pas endavant.<\/p>\n<p style=\"text-align: justify\">No \u00e9s f\u00e0cil per a una gran colla com \u00e9s la\u00a0Joves\u00a0sortir d&#8217;una crisi. El nom i el prestigi\u00a0obliga i exerceix una pressi\u00f3 que cal gestionar b\u00e9. Amb un tres de vuit correcte, encara amb una mica de nervis, vam encetar la nostra actuaci\u00f3. La manca d&#8217;efectius va impedir que pogu\u00e9ssim dur a pla\u00e7a el quatre de nou amb folre. Segurament, si hagu\u00e9ssim fet diversos castells de nou durant la temporada ens hagu\u00e9ssim pogut atrevir a tirar-lo, per\u00f2 venint d&#8217;on venim i amb el nerviosisme que ens aclapara ara en tots els castells, crec que va ser una bona decisi\u00f3\u00a0ajornar-lo. El quatre de vuit que vam fer em referma que el quatre \u00e9s el nostre castell enguany, maco i segur, com tots els que hem fet enguany.\u00a0Fets els dos castells de vuit\u00a0b\u00e0sics, ens enfront\u00e0vem a una decisi\u00f3 dif\u00edcil. Calia posar el fre de m\u00e0 o calia intentar fer un pas que anim\u00e9s i don\u00e9s confian\u00e7a a la colla? Decisi\u00f3 dif\u00edcil, repeteixo.<\/p>\n<p style=\"text-align: justify\">Fent un s\u00edmil amb l&#8217;escalada i el muntanyisme que he practicat durant anys, s\u00e9 que la confian\u00e7a \u00e9s molt important. El coco treballa molt, m\u00e9s del que\u00a0sovint pensem. Crec que el repte m\u00e9s dif\u00edcil que tenim aquest any \u00e9s que la desconfian\u00e7a, la manca de seguretat i de fe en les nostres possibilitats la trobem en la part m\u00e9s feble del castell, en la part m\u00e9s fr\u00e0gil, la nostra canalla, la nostra meravellosa i valerosa canalla. Uns xiquets i xiquetes que han rebut especialment aquest any. I en m\u00e9s d&#8217;una ocasi\u00f3 sense massa raons perqu\u00e8 aix\u00f2 pass\u00e9s. Un nerviosisme encomanad\u00eds ens ha atenallat en m\u00e9s d&#8217;una ocasi\u00f3. Abans de seguir, voldria deixar molt clar que no estic parlant de culpables, no hi ha culpabilitats, simplement estic intentant descriure o apuntar algunes raons que\u00a0ens han dut on estem, precisament per poder actuar-hi i intentar reconduir la situaci\u00f3.<\/p>\n<p style=\"text-align: justify\">Si ahir descarreg\u00e0vem el cinc de vuit era un pas de gegant cap aquesta consolidaci\u00f3 que necessitem. La decisi\u00f3, per\u00f2, tamb\u00e9 tenia riscos. Si no assol\u00edem\u00a0l&#8217;objectiu, crec que no tan sols fracass\u00e0vem amb el cinc de vuit, sin\u00f3 que ens retornava a la situaci\u00f3 de partida, retrocedint de cara al final de la temporada. No s\u00f3c dels que q\u00fcestiono les decisions a pla\u00e7a, despr\u00e9s, per\u00f2, m&#8217;agrada analitzar les nostres actuacions i les nostres estrat\u00e8gies. Malgrat el resultat, penso que la decisi\u00f3, encara que arriscada, era encertada. La Joves pot descarregar el cinc de vuit sense problemes, per\u00f2 l&#8217;hem d&#8217;analitzar en la situaci\u00f3 actual. El cinc de vuit no va pujar malament. La\u00a0banda del dos un p\u00e8l oberta, segons es pot observar en les fotos que segueixen, per\u00f2 res d&#8217;insalvable. En una situaci\u00f3 normal, estic segur que la colla hagu\u00e9s descarregat aquell castell sense massa problemes. Per\u00f2 hi havia el pes de la temporada, la desconfian\u00e7a que plana sobre nosaltres.<\/p>\n<p style=\"text-align: justify\">A la rengla estren\u00e0vem dos, feble per\u00f2 experimentat xiquet. Despr\u00e9s de la primera aleta, quan els\u00a0dosos salten expulsats enfora, vaig tenir l&#8217;estranya sensaci\u00f3 que no podia ser que el dos de la rengla, amb menys pot\u00e8ncia, fes saltar el dos aixarrencat. Despr\u00e9s, ja a casa, les fotos que va fer la meva filla gran em van confirmar que els problemes no havien vingut per all\u00ed. M\u00e9s aviat van ser la conseq\u00fc\u00e8ncia. A la part de dalt, com es pot observar en les fotos, i segons\u00a0crec observar, els dosos dels dos pilars carreguen sobre la rengla que no pot suportar aquesta pressi\u00f3. El de menys, ahir, era si el cinc estava carregat o no, sin\u00f3 les conseq\u00fc\u00e8ncies en la nostra recuperaci\u00f3 que tenia el fet d&#8217;haver tornat a caure i per la part de dalt. Us deixo les fotos que podeu ampliar amb el voste zoom. Tan sols volen ser un document que ens permetin corregir errors, jo n&#8217;hi observo alguns, per\u00f2 aix\u00f2 ho deixo pels t\u00e8cnics.<\/p>\n<p style=\"text-align: center\"><img loading=\"lazy\" decoding=\"async\" class=\"aligncenter size-full wp-image-196\" src=\"https:\/\/blocs.tinet.cat\/desdelsenyilarauxa\/files\/2011\/10\/5-de-8-2.jpg\" alt=\"\" width=\"2448\" height=\"3264\" srcset=\"https:\/\/blocs.tinet.cat\/desdelsenyilarauxa\/files\/2011\/10\/5-de-8-2.jpg 2448w, https:\/\/blocs.tinet.cat\/desdelsenyilarauxa\/files\/2011\/10\/5-de-8-2-225x300.jpg 225w, https:\/\/blocs.tinet.cat\/desdelsenyilarauxa\/files\/2011\/10\/5-de-8-2-768x1024.jpg 768w\" sizes=\"auto, (max-width: 2448px) 100vw, 2448px\" \/><img loading=\"lazy\" decoding=\"async\" class=\"aligncenter size-full wp-image-197\" src=\"https:\/\/blocs.tinet.cat\/desdelsenyilarauxa\/files\/2011\/10\/5-de-8-3.jpg\" alt=\"\" width=\"2448\" height=\"3264\" srcset=\"https:\/\/blocs.tinet.cat\/desdelsenyilarauxa\/files\/2011\/10\/5-de-8-3.jpg 2448w, https:\/\/blocs.tinet.cat\/desdelsenyilarauxa\/files\/2011\/10\/5-de-8-3-225x300.jpg 225w, https:\/\/blocs.tinet.cat\/desdelsenyilarauxa\/files\/2011\/10\/5-de-8-3-768x1024.jpg 768w\" sizes=\"auto, (max-width: 2448px) 100vw, 2448px\" \/><img loading=\"lazy\" decoding=\"async\" class=\"aligncenter size-full wp-image-198\" src=\"https:\/\/blocs.tinet.cat\/desdelsenyilarauxa\/files\/2011\/10\/5-de-8-31.jpg\" alt=\"\" width=\"842\" height=\"1125\" srcset=\"https:\/\/blocs.tinet.cat\/desdelsenyilarauxa\/files\/2011\/10\/5-de-8-31.jpg 842w, https:\/\/blocs.tinet.cat\/desdelsenyilarauxa\/files\/2011\/10\/5-de-8-31-224x300.jpg 224w, https:\/\/blocs.tinet.cat\/desdelsenyilarauxa\/files\/2011\/10\/5-de-8-31-766x1024.jpg 766w\" sizes=\"auto, (max-width: 842px) 100vw, 842px\" \/>\u00a0\u00a0\u00a0<img loading=\"lazy\" decoding=\"async\" class=\"aligncenter size-full wp-image-199\" src=\"https:\/\/blocs.tinet.cat\/desdelsenyilarauxa\/files\/2011\/10\/5-de-8-4.jpg\" alt=\"\" width=\"2448\" height=\"3264\" srcset=\"https:\/\/blocs.tinet.cat\/desdelsenyilarauxa\/files\/2011\/10\/5-de-8-4.jpg 2448w, https:\/\/blocs.tinet.cat\/desdelsenyilarauxa\/files\/2011\/10\/5-de-8-4-225x300.jpg 225w, https:\/\/blocs.tinet.cat\/desdelsenyilarauxa\/files\/2011\/10\/5-de-8-4-768x1024.jpg 768w\" sizes=\"auto, (max-width: 2448px) 100vw, 2448px\" \/><\/p>\n<p style=\"text-align: center\"><img loading=\"lazy\" decoding=\"async\" class=\"aligncenter size-full wp-image-200\" src=\"https:\/\/blocs.tinet.cat\/desdelsenyilarauxa\/files\/2011\/10\/5-de-8-41.jpg\" alt=\"\" width=\"1025\" height=\"1367\" srcset=\"https:\/\/blocs.tinet.cat\/desdelsenyilarauxa\/files\/2011\/10\/5-de-8-41.jpg 1025w, https:\/\/blocs.tinet.cat\/desdelsenyilarauxa\/files\/2011\/10\/5-de-8-41-224x300.jpg 224w, https:\/\/blocs.tinet.cat\/desdelsenyilarauxa\/files\/2011\/10\/5-de-8-41-767x1024.jpg 767w\" sizes=\"auto, (max-width: 1025px) 100vw, 1025px\" \/><\/p>\n<p style=\"text-align: center\">fotos: Judit Climent i Masdeu<\/p>\n<p style=\"text-align: justify\">Repeteixo que tan sols intento ajudar per poder visualitzar possibles correccions. M&#8217;agradaria que tothom ho vei\u00e9s des d&#8217;aquest punt de vista.<\/p>\n<p style=\"text-align: justify\">Tenim feina per fer, des del primer a l&#8217;\u00faltim. Treball, treball i treball. Comprom\u00eds per part de tothom\u00a0en la mesura de les seves possibilitats i una mica m\u00e9s. Treure un m\u00e0xim rendiment dels nostres assajos. Fer una tasca de mentalitzaci\u00f3 positiva important amb la nostra canalla. Els castells hi s\u00f3n. Crec que l&#8217;assaig \u00e9s important\u00edssim. Tots i cadascun de nosaltres tenim la nostra pr\u00f2pia manera de treballar. I \u00e9s en l&#8217;assaig com coneixem la manera de treballar dels altres. Pels que pugen \u00e9s important saber amb qui faran un castell determinat perqu\u00e8 sabr\u00e0 com treure\u00a0profit de les seves habilitats i de les habilitats de qui t\u00e9 al costat, a sota i a damunt. Tamb\u00e9 sabr\u00e0 com suplir els defectes de qui t\u00e9 a sota, al costat i al damunt. I els altres podran fer el\u00a0mateix amb les seves habilitats i defectes. Per aix\u00f2 cal con\u00e8ixer d&#8217;antuvi qui \u00e9s el company o companya que tindrem al costat a cada castell. La canalla pot corregir postures, col\u00b7locaci\u00f3 i adquirir recursos\u00a0a aplicar a\u00a0cada situaci\u00f3. Aquesta colla, la nostra, ha estat gran, i encara ho \u00e9s. Ara nom\u00e9s ens queda demostrar-ho, potser no tant recuperant el nostre m\u00e0xim nivell amb les poques sortides que queden de la temporada, sin\u00f3 trobant les eines per posar de nou unes bases s\u00f2lides que ens permetin recuperar el nostre nivell \u00f2ptim de cara a la pr\u00f2xima temporada. Tenim tots els elements per a fer-ho possible. Posem-los tots en joc.\u00a0Hem de fer una tasca penosa i fatigosa\u00a0per tornar a sumar algunes persones que hem deixat pel cam\u00ed. Amb seny i determinaci\u00f3 estic segur que ho podem aconseguir, per\u00f2 no sense esfor\u00e7 i sense l&#8217;aportaci\u00f3 de tothom. Cadasc\u00fa assumint el seu nivell de responsabilitat. Cadasc\u00fa al seu nivell. Ajudant-nos i deixant-nos ajudar. Vinga.\u00a0\u00a0<\/p>\n","protected":false},"excerpt":{"rendered":"<p>L&#8217;actuaci\u00f3 de la Colla Joves Xiquets de Valls a Reus, ahir a la tarda, va deixar tocada la colla. Hi havia ganes de\u00a0consolidar la progressi\u00f3 i consolidaci\u00f3 de les darreres setmanes. Enfilem la recta final de la temporada i ten\u00edem &hellip; <a href=\"https:\/\/blocs.tinet.cat\/desdelsenyilarauxa\/2011\/10\/02\/reus-llastima-de-cinc-de-vuit\/\">Continua llegint <span class=\"meta-nav\">&rarr;<\/span><\/a><\/p>\n","protected":false},"author":45,"featured_media":0,"comment_status":"open","ping_status":"open","sticky":false,"template":"","format":"standard","meta":{"footnotes":""},"categories":[6,7],"tags":[],"class_list":["post-195","post","type-post","status-publish","format-standard","hentry","category-personal","category-valls"],"_links":{"self":[{"href":"https:\/\/blocs.tinet.cat\/desdelsenyilarauxa\/wp-json\/wp\/v2\/posts\/195","targetHints":{"allow":["GET"]}}],"collection":[{"href":"https:\/\/blocs.tinet.cat\/desdelsenyilarauxa\/wp-json\/wp\/v2\/posts"}],"about":[{"href":"https:\/\/blocs.tinet.cat\/desdelsenyilarauxa\/wp-json\/wp\/v2\/types\/post"}],"author":[{"embeddable":true,"href":"https:\/\/blocs.tinet.cat\/desdelsenyilarauxa\/wp-json\/wp\/v2\/users\/45"}],"replies":[{"embeddable":true,"href":"https:\/\/blocs.tinet.cat\/desdelsenyilarauxa\/wp-json\/wp\/v2\/comments?post=195"}],"version-history":[{"count":0,"href":"https:\/\/blocs.tinet.cat\/desdelsenyilarauxa\/wp-json\/wp\/v2\/posts\/195\/revisions"}],"wp:attachment":[{"href":"https:\/\/blocs.tinet.cat\/desdelsenyilarauxa\/wp-json\/wp\/v2\/media?parent=195"}],"wp:term":[{"taxonomy":"category","embeddable":true,"href":"https:\/\/blocs.tinet.cat\/desdelsenyilarauxa\/wp-json\/wp\/v2\/categories?post=195"},{"taxonomy":"post_tag","embeddable":true,"href":"https:\/\/blocs.tinet.cat\/desdelsenyilarauxa\/wp-json\/wp\/v2\/tags?post=195"}],"curies":[{"name":"wp","href":"https:\/\/api.w.org\/{rel}","templated":true}]}}