{"id":123,"date":"2011-05-26T19:38:41","date_gmt":"2011-05-26T19:38:41","guid":{"rendered":"https:\/\/blocs.tinet.cat\/desdelsenyilarauxa\/?p=123"},"modified":"2011-05-26T19:38:41","modified_gmt":"2011-05-26T19:38:41","slug":"una-alegria-immensa","status":"publish","type":"post","link":"https:\/\/blocs.tinet.cat\/desdelsenyilarauxa\/2011\/05\/26\/una-alegria-immensa\/","title":{"rendered":"Una alegria immensa"},"content":{"rendered":"<p style=\"text-align: justify\">Avui no he obert una ampolla de cava perqu\u00e8 no en tenia cap en fred, per\u00f2 l&#8217;ocasi\u00f3 s&#8217;ho valia. Ratko Mladic ha estat detingut avui a S\u00e8rbia. Tenia aquest nom\u00a0fixat al meu\u00a0cervell des d&#8217;inicis dels anys 90. Vaig viure\u00a0la trag\u00e8dia de la guerra de B\u00f2snia com molts\u00a0catalans, d&#8217;una forma molt intensa. El setge de Sarajevo, la matan\u00e7a de Srebrenica, etc. La fredor amb la qual aquest home feia executar els homes musulmans de B\u00f2snia era esfere\u00efdora. La cacera a la que van ser sotmesos els habitants de Sarajevo des de les muntanyes\u00a0i turons que rodegen la ciutat\u00a0era inhumana. Catalunya va ser molt solid\u00e0ria amb els bosnians. Jo m&#8217;hi vaig sentir molt proper i la r\u00e0bia em recorria el cos de dalt a baix. Mladic va ser un perfecte executor de les directrius de Karadzic. Ells van\u00a0guanyar la guerra. Els acords de Dayton ho van certificar. Avui molta gent veur\u00e0 la seva pena de desenes d&#8217;anys consolada. Els morts no tornaran, per\u00f2 els vius podran descansar reconfortats.<\/p>\n<p style=\"text-align: justify\">No he volgut posar cap foto d&#8217;aquest criminal. No se la mereix.\u00a0El judici al qual el sotmetr\u00e0 el Tribunal Internacional creat ad hoc per als crims de l&#8217;antiga\u00a0Iugosl\u00e0via ens far\u00e0 reviure aquells fets. Ser\u00e0 dur, per\u00f2 ser\u00e0 bo que la humanitat no oblidi els genocidis perpetrats en l&#8217;\u00e8poca actual. El genocidi no \u00e9s cosa del passat. Segueix ben present en el nostre m\u00f3n. \u00c9s una bona not\u00edcia que encara que els anys passin,\u00a0els genocides s\u00e0piguen que no poden dormir\u00a0tranquils. El govern serbi ha estat valent. Sap que bona part de la seva ciutadania se sent propera a Mladic. Per\u00f2 el govern sap qu\u00e8 \u00e9s la real politik. Li conv\u00e9 aplanar les seves negociacions per sentir-se plenament dins Europa. Encara que sigui per inter\u00e8s, encara que sigui a contracor, la not\u00edcia de la detenci\u00f3 de Mladic concilia S\u00e8rbia amb la resta del m\u00f3n. Tant de bo els genocides que campen per aquests mons de d\u00e9u ho tinguin en compte. Tard o d&#8217;hora, corren el risc de pagar pels seus crims. Avui el m\u00f3n \u00e9s una mica m\u00e9s just. \u00a0<\/p>\n","protected":false},"excerpt":{"rendered":"<p>Avui no he obert una ampolla de cava perqu\u00e8 no en tenia cap en fred, per\u00f2 l&#8217;ocasi\u00f3 s&#8217;ho valia. Ratko Mladic ha estat detingut avui a S\u00e8rbia. Tenia aquest nom\u00a0fixat al meu\u00a0cervell des d&#8217;inicis dels anys 90. Vaig viure\u00a0la trag\u00e8dia &hellip; <a href=\"https:\/\/blocs.tinet.cat\/desdelsenyilarauxa\/2011\/05\/26\/una-alegria-immensa\/\">Continua llegint <span class=\"meta-nav\">&rarr;<\/span><\/a><\/p>\n","protected":false},"author":45,"featured_media":0,"comment_status":"open","ping_status":"open","sticky":false,"template":"","format":"standard","meta":{"footnotes":""},"categories":[9],"tags":[],"class_list":["post-123","post","type-post","status-publish","format-standard","hentry","category-mon"],"_links":{"self":[{"href":"https:\/\/blocs.tinet.cat\/desdelsenyilarauxa\/wp-json\/wp\/v2\/posts\/123","targetHints":{"allow":["GET"]}}],"collection":[{"href":"https:\/\/blocs.tinet.cat\/desdelsenyilarauxa\/wp-json\/wp\/v2\/posts"}],"about":[{"href":"https:\/\/blocs.tinet.cat\/desdelsenyilarauxa\/wp-json\/wp\/v2\/types\/post"}],"author":[{"embeddable":true,"href":"https:\/\/blocs.tinet.cat\/desdelsenyilarauxa\/wp-json\/wp\/v2\/users\/45"}],"replies":[{"embeddable":true,"href":"https:\/\/blocs.tinet.cat\/desdelsenyilarauxa\/wp-json\/wp\/v2\/comments?post=123"}],"version-history":[{"count":0,"href":"https:\/\/blocs.tinet.cat\/desdelsenyilarauxa\/wp-json\/wp\/v2\/posts\/123\/revisions"}],"wp:attachment":[{"href":"https:\/\/blocs.tinet.cat\/desdelsenyilarauxa\/wp-json\/wp\/v2\/media?parent=123"}],"wp:term":[{"taxonomy":"category","embeddable":true,"href":"https:\/\/blocs.tinet.cat\/desdelsenyilarauxa\/wp-json\/wp\/v2\/categories?post=123"},{"taxonomy":"post_tag","embeddable":true,"href":"https:\/\/blocs.tinet.cat\/desdelsenyilarauxa\/wp-json\/wp\/v2\/tags?post=123"}],"curies":[{"name":"wp","href":"https:\/\/api.w.org\/{rel}","templated":true}]}}