{"id":120,"date":"2011-05-23T18:56:09","date_gmt":"2011-05-23T18:56:09","guid":{"rendered":"https:\/\/blocs.tinet.cat\/desdelsenyilarauxa\/?p=120"},"modified":"2011-05-23T19:03:58","modified_gmt":"2011-05-23T19:03:58","slug":"analisi-electoral","status":"publish","type":"post","link":"https:\/\/blocs.tinet.cat\/desdelsenyilarauxa\/2011\/05\/23\/analisi-electoral\/","title":{"rendered":"An\u00e0lisi electoral"},"content":{"rendered":"<p style=\"text-align: justify\">Ja han passat les eleccions municipals. El primer que se m&#8217;acut \u00e9s que no hi ha hagut massa sorpreses. Cada vegada m\u00e9s, les diferents eleccions pol\u00edtiques formen un tot que segueix una tend\u00e8ncia c\u00edclica. Aquesta tend\u00e8ncia s&#8217;acabar\u00e0 de confirmar en les properes eleccions generals a les &#8220;Cortes Espa\u00f1olas&#8221;. En aquell moment s&#8217;acabar\u00e0 de completar el cicle. Un cicle que, en la meva opini\u00f3 va comen\u00e7ar despr\u00e9s de les pen\u00faltimes eleccions al \u00a0Parlament de Catalunya, les que van portar a la formaci\u00f3 del segon tripartit. Crec que aquell va ser el punt veritable d&#8217;inflexi\u00f3, el comen\u00e7ament del cicle que estem vivint. Encara que no s\u00f3c soci\u00f2leg, ni expert en la mat\u00e8ria, crec que cada vegada importa menys el tipus d&#8217;eleccions que s&#8217;afronten.\u00a0Cada elecci\u00f3 concreta nom\u00e9s\u00a0permet matisos de caire espec\u00edfic en determinades localitats, per\u00f2 nom\u00e9s matisos. El que compta \u00e9s si el vent bufa a favor de\u00a0determinada for\u00e7a pol\u00edtica o amena\u00e7a rufolada. Crec que les actuals eleccions municipals ho escenifiquen for\u00e7a b\u00e9.<\/p>\n<p style=\"text-align: justify\">Estem\u00a0immersos en un vent favorable per a CiU a Catalunya i cap\u00a0al PP\u00a0al regne d&#8217;Espanya, del qual aquest \u00faltim partit se n&#8217;aprofita una mica a Catalunya. Pel qu\u00e8 fa a PSC i ERC la rufolada en contra \u00e9s potent en el cas dels socialistes i no pas menor per als republicans. Davant d&#8217;aquests vents potents, d&#8217;aquestes tend\u00e8ncies generals, poc s&#8217;hi pot fer. La situaci\u00f3 local fa que el vent a favor impulsi favorablement en major o menor grau i el vent de cara faci que la petacada sigui m\u00e9s o menys forta. \u00c9s la meva manera de veure el panorama pol\u00edtic i els resultats electorals de les municipals i de les darreres eleccions nacionals al Parlament de Catalunya. En aquest context, sempre hi ha alguna for\u00e7a que sap aprofitar la sacsejada del moment. Ara \u00e9s PxC i la CUP.\u00a0Per poc que creixin ho fan amb for\u00e7a relativa i donen la campanada. Tots plegats, per\u00f2, faran b\u00e9 de no oblidar que tot el que puja acostuma a baixar. Seria una\u00a0lli\u00e7\u00f3 per no oblidar.<\/p>\n<p style=\"text-align: justify\">Aquestes tend\u00e8ncies, per\u00f2, no passen per casualitat. Generalment les raons es troben en les pr\u00f2pies actuacions. Sovint dep\u00e8n m\u00e9s de les pr\u00f2pies decisions, encertades o\u00a0desencertades. No es tracta d&#8217;un caprici de l&#8217;electorat.<\/p>\n<p style=\"text-align: justify\">Els socialistes estan clarament a les acaballes del seu cicle. Diria que per m\u00e8rits propis. A nivell general i, pel que fa a Valls, a nivell local. A Valls van fer l&#8217;abra\u00e7ada de l&#8217;os amb CiU, cosa que clarament els ha portat on els ha portat. P\u00e8rdua de prestigi, d&#8217;identitat. CiU va ser prou intel\u00b7ligent i els socialistes prou babaus. La patacada estava servida. La majoria absoluta de CiU els ha vingut regalada. Bona part dels votants socialistes\u00a0s&#8217;han quedat a casa i alguns han anat a la CUP.\u00a0Aquests darrers han sabut\u00a0presentar-se com a una oposici\u00f3 real. Una oposici\u00f3 que els socialistes van abandonar. La CUP, a m\u00e9s, ha aprofitat la devallada d&#8217;ERC a nivell nacional. Aix\u00f2 ha perjudicat els republicans a Valls. En la passada legislatura, CUP i ERC deuen haver coincidit m\u00faltiples vegades en els seus plantejaments a nivell local, per\u00f2 la gent ha pres com a refer\u00e8ncia de l&#8217;oposici\u00f3 als de la CUP i els republicans s&#8217;han vist molt perjudicats per la rufolada general en contra. Em sap greu per ERC on he militat m\u00e9s de vint anys i on hi tinc molt bons amics. No nom\u00e9s aix\u00f2, comparteixo els ideals que representa ERC. Per\u00f2 la direcci\u00f3 nacional d&#8217;ERC ha pres un seguit de decisions al\u00a0llarg dels darrers anys que han perjudicat clarament la majoria de candidatures republicanes, tant si al seu poble o ciutat han fet un bon treball en els darrers quatre anys, com si han presentat bons candidats en les eleccions actuals.\u00a0Malgrat algunes honroses excepcions, diria que \u00e9s molt dif\u00edcil remar amb el vent en contra i molt f\u00e0cil remar amb el vent a favor. Si hom no \u00e9s un desastre, el vent a favor et d\u00f3na un fort impuls,\u00a0per\u00f2, generalment,\u00a0el vent en contra t&#8217;impedeix avan\u00e7ar.<\/p>\n<p style=\"text-align: justify\">Per\u00f2 com deia abans, res no \u00e9s etern. Cal ser intel\u00b7ligents, tant per a saber extreure les lli\u00e7ons dels \u00e8xits, com dels fracassos. Veurem moviments interessants. M&#8217;agradaria veure decisions encertades.\u00a0Algunes que no es van prendre quan tocava. Per\u00f2 mai \u00e9s tard. Com que s\u00f3c optimista de mena, espero que aquells amb qui em sento ben proper prenguin les encertades. Si \u00e9s aix\u00ed, estic segur que la recuperaci\u00f3 vindr\u00e0. L&#8217;independentisme catal\u00e0, el pol\u00edtic, s&#8217;hauria de posar d&#8217;una vegada per totes a l&#8217;al\u00e7ada de l&#8217;independentisme sociol\u00f2gic. Les petites vict\u00f2ries s\u00f3n p\u00edrriques, encara que siguin esclatants. Conv\u00e9 generositat i al\u00e7ada de mires. Tant de bo\u00a0tots n&#8217;extreguin conclusions positives i sense fer volar coloms.<\/p>\n<p style=\"text-align: justify\">I una darrera q\u00fcesti\u00f3. Tots, des del primer a l&#8217;\u00faltim s&#8217;haurien de plantejar com intentar resoldre l&#8217;esgarrifosa dada d&#8217;una abstenci\u00f3 de m\u00e9s del quaranta per cent. Gaireb\u00e9 la meitat de la ciutadania. No s&#8217;hi val a\u00a0emparar-se en que aquest \u00e9s un fenomen de les societats benestants. Aix\u00f2 no \u00e9s una resposta, ni una soluci\u00f3. El sistema democr\u00e0tic est\u00e0 malalt i caldria posar-hi remei. Tenim un problema que reclama solucions. No poden passar la pilota als altres. \u00c9s cosa de tots, tamb\u00e9 de la ciutadania.\u00a0\u00a0\u00a0\u00a0<\/p>\n","protected":false},"excerpt":{"rendered":"<p>Ja han passat les eleccions municipals. El primer que se m&#8217;acut \u00e9s que no hi ha hagut massa sorpreses. Cada vegada m\u00e9s, les diferents eleccions pol\u00edtiques formen un tot que segueix una tend\u00e8ncia c\u00edclica. Aquesta tend\u00e8ncia s&#8217;acabar\u00e0 de confirmar en &hellip; <a href=\"https:\/\/blocs.tinet.cat\/desdelsenyilarauxa\/2011\/05\/23\/analisi-electoral\/\">Continua llegint <span class=\"meta-nav\">&rarr;<\/span><\/a><\/p>\n","protected":false},"author":45,"featured_media":0,"comment_status":"open","ping_status":"open","sticky":false,"template":"","format":"standard","meta":{"footnotes":""},"categories":[7],"tags":[],"class_list":["post-120","post","type-post","status-publish","format-standard","hentry","category-valls"],"_links":{"self":[{"href":"https:\/\/blocs.tinet.cat\/desdelsenyilarauxa\/wp-json\/wp\/v2\/posts\/120","targetHints":{"allow":["GET"]}}],"collection":[{"href":"https:\/\/blocs.tinet.cat\/desdelsenyilarauxa\/wp-json\/wp\/v2\/posts"}],"about":[{"href":"https:\/\/blocs.tinet.cat\/desdelsenyilarauxa\/wp-json\/wp\/v2\/types\/post"}],"author":[{"embeddable":true,"href":"https:\/\/blocs.tinet.cat\/desdelsenyilarauxa\/wp-json\/wp\/v2\/users\/45"}],"replies":[{"embeddable":true,"href":"https:\/\/blocs.tinet.cat\/desdelsenyilarauxa\/wp-json\/wp\/v2\/comments?post=120"}],"version-history":[{"count":0,"href":"https:\/\/blocs.tinet.cat\/desdelsenyilarauxa\/wp-json\/wp\/v2\/posts\/120\/revisions"}],"wp:attachment":[{"href":"https:\/\/blocs.tinet.cat\/desdelsenyilarauxa\/wp-json\/wp\/v2\/media?parent=120"}],"wp:term":[{"taxonomy":"category","embeddable":true,"href":"https:\/\/blocs.tinet.cat\/desdelsenyilarauxa\/wp-json\/wp\/v2\/categories?post=120"},{"taxonomy":"post_tag","embeddable":true,"href":"https:\/\/blocs.tinet.cat\/desdelsenyilarauxa\/wp-json\/wp\/v2\/tags?post=120"}],"curies":[{"name":"wp","href":"https:\/\/api.w.org\/{rel}","templated":true}]}}