{"id":114,"date":"2011-05-09T10:00:01","date_gmt":"2011-05-09T10:00:01","guid":{"rendered":"https:\/\/blocs.tinet.cat\/desdelsenyilarauxa\/?p=114"},"modified":"2011-05-09T10:00:01","modified_gmt":"2011-05-09T10:00:01","slug":"una-xiqueta-felic","status":"publish","type":"post","link":"https:\/\/blocs.tinet.cat\/desdelsenyilarauxa\/2011\/05\/09\/una-xiqueta-felic\/","title":{"rendered":"Una xiqueta feli\u00e7"},"content":{"rendered":"<p style=\"text-align: center\"><a rel=\"attachment wp-att-115\" href=\"https:\/\/blocs.tinet.cat\/desdelsenyilarauxa\/2011\/05\/09\/una-xiqueta-felic\/dsc03047\/\"><img loading=\"lazy\" decoding=\"async\" class=\"aligncenter size-medium wp-image-115\" src=\"https:\/\/blocs.tinet.cat\/desdelsenyilarauxa\/files\/2011\/05\/DSC03047-225x300.jpg\" alt=\"\" width=\"225\" height=\"300\" srcset=\"https:\/\/blocs.tinet.cat\/desdelsenyilarauxa\/files\/2011\/05\/DSC03047-225x300.jpg 225w, https:\/\/blocs.tinet.cat\/desdelsenyilarauxa\/files\/2011\/05\/DSC03047-768x1024.jpg 768w\" sizes=\"auto, (max-width: 225px) 100vw, 225px\" \/><\/a><\/p>\n<p style=\"text-align: justify\">Ahir al migdia la meva filla petita es va estrenar amb la Colla Joves Xiquets de Valls. Feia molt de temps que estava enamorada dels castells. T\u00e9 una obsessi\u00f3 castellera que no havia vist mai. Durant molt de temps ha anat festejant amb nosaltres, els seus pares, i temptejant la possibilitat d&#8217;anar a fer castells amb la colla. Despr\u00e9s d&#8217;una vintena llarga d&#8217;anys d&#8217;activitat jo ja m&#8217;havia retirat i tan sols anava a veure els castells a la meva ciutat, a Valls. Ella sempre em recordava les sortides, no fos que me&#8217;n pass\u00e9s alguna per alt. Es mirava el programa quarts de nou de la Televisi\u00f3 de Catalunya, es posava v\u00eddeos per internet de castells, etc. Jo ja veia que arribaria el moment en qu\u00e8 li haur\u00edem de donar la possibilitat de provar-ho.<\/p>\n<p style=\"text-align: justify\">La seva mare no estava precisament feli\u00e7 amb aquesta possibilitat. Les mares sempre tenen el patiment a flor de pell. Ja portem una bona quantitat d&#8217;assajos aquesta temporada i ahir, a Cabra del Camp, hi havia la primera sortida. Els responsables de la Colla van creure oport\u00fa fer-li fer un pilanet de quatre. Ella estava delerosa de fer-lo i transpirava felicitat. No s\u00e9 si a mesura que hagi d&#8217;anar guanyant al\u00e7ada mantindr\u00e0 aquesta passi\u00f3 o s&#8217;espantar\u00e0. A mi em fa la impressi\u00f3 que anir\u00e0 progressant, si en t\u00e9 oportunitat. Sigui com sigui, ahir tenia el neguit de qui estrena vestit nou. M&#8217;agrada veure-la feli\u00e7, s\u00e9 que\u00a0en algun moment tamb\u00e9 patir\u00e0, ella potser tamb\u00e9 tindr\u00e0 dubtes, no ho s\u00e9. Per\u00f2 est\u00e0 molt contenta. Hi t\u00e9 passi\u00f3. I aix\u00f2 \u00e9s bo. A la seva agenda escolar hi t\u00e9 assenyalats amb lletra ben grossa els dies d&#8217;assaig.\u00a0<\/p>\n<p style=\"text-align: justify\">Ella sap que per seguir amb aquesta activitat ha de mantenir els bons resultats a l&#8217;escola, tenir un bon comportament a casa, complir amb els seus deures. Si alguna d&#8217;aquestes coses s&#8217;afebleix, sap que li posarem limitacions en d&#8217;altres. De moment tots ho portem for\u00e7a b\u00e9. Ja ho anirem veient. Ara el que compte \u00e9s que est\u00e0 contenta i il\u00b7lusionada. Qu\u00e8 m\u00e9s podem demanar!\u00a0<\/p>\n","protected":false},"excerpt":{"rendered":"<p>Ahir al migdia la meva filla petita es va estrenar amb la Colla Joves Xiquets de Valls. Feia molt de temps que estava enamorada dels castells. T\u00e9 una obsessi\u00f3 castellera que no havia vist mai. Durant molt de temps ha &hellip; <a href=\"https:\/\/blocs.tinet.cat\/desdelsenyilarauxa\/2011\/05\/09\/una-xiqueta-felic\/\">Continua llegint <span class=\"meta-nav\">&rarr;<\/span><\/a><\/p>\n","protected":false},"author":45,"featured_media":0,"comment_status":"open","ping_status":"open","sticky":false,"template":"","format":"standard","meta":{"footnotes":""},"categories":[6],"tags":[],"class_list":["post-114","post","type-post","status-publish","format-standard","hentry","category-personal"],"_links":{"self":[{"href":"https:\/\/blocs.tinet.cat\/desdelsenyilarauxa\/wp-json\/wp\/v2\/posts\/114","targetHints":{"allow":["GET"]}}],"collection":[{"href":"https:\/\/blocs.tinet.cat\/desdelsenyilarauxa\/wp-json\/wp\/v2\/posts"}],"about":[{"href":"https:\/\/blocs.tinet.cat\/desdelsenyilarauxa\/wp-json\/wp\/v2\/types\/post"}],"author":[{"embeddable":true,"href":"https:\/\/blocs.tinet.cat\/desdelsenyilarauxa\/wp-json\/wp\/v2\/users\/45"}],"replies":[{"embeddable":true,"href":"https:\/\/blocs.tinet.cat\/desdelsenyilarauxa\/wp-json\/wp\/v2\/comments?post=114"}],"version-history":[{"count":0,"href":"https:\/\/blocs.tinet.cat\/desdelsenyilarauxa\/wp-json\/wp\/v2\/posts\/114\/revisions"}],"wp:attachment":[{"href":"https:\/\/blocs.tinet.cat\/desdelsenyilarauxa\/wp-json\/wp\/v2\/media?parent=114"}],"wp:term":[{"taxonomy":"category","embeddable":true,"href":"https:\/\/blocs.tinet.cat\/desdelsenyilarauxa\/wp-json\/wp\/v2\/categories?post=114"},{"taxonomy":"post_tag","embeddable":true,"href":"https:\/\/blocs.tinet.cat\/desdelsenyilarauxa\/wp-json\/wp\/v2\/tags?post=114"}],"curies":[{"name":"wp","href":"https:\/\/api.w.org\/{rel}","templated":true}]}}