{"id":61,"date":"2011-03-20T12:23:42","date_gmt":"2011-03-20T12:23:42","guid":{"rendered":"https:\/\/blocs.tinet.cat\/carmemas\/?p=61"},"modified":"2011-03-21T00:06:40","modified_gmt":"2011-03-20T23:06:40","slug":"el-mapa-de-la-guerra-a-libia","status":"publish","type":"post","link":"https:\/\/blocs.tinet.cat\/carmemas\/2011\/03\/20\/el-mapa-de-la-guerra-a-libia\/","title":{"rendered":"El mapa de la guerra a L\u00edbia"},"content":{"rendered":"<p>\ufeff\ufeff<\/p>\n<h2><a href=\"http:\/\/www.elpais.com\/graficos\/internacional\/mapa\/guerra\/Libia\/elpepuint\/20110319elpepuint_1\/Ges\/#\">Gr\u00e1fico: El mapa de la guerra en Libia : Gr\u00e1ficos en ELPA\u00cdS.com<\/a>.<\/h2>\n","protected":false},"excerpt":{"rendered":"<p>\ufeff\ufeff Gr\u00e1fico: El mapa de la guerra en Libia : Gr\u00e1ficos en ELPA\u00cdS.com.<\/p>\n","protected":false},"author":99,"featured_media":0,"comment_status":"open","ping_status":"open","sticky":false,"template":"","format":"standard","meta":{"footnotes":""},"categories":[22,18],"tags":[24],"class_list":["post-61","post","type-post","status-publish","format-standard","hentry","category-africa","category-internacional","tag-conflicte-bellic"],"_links":{"self":[{"href":"https:\/\/blocs.tinet.cat\/carmemas\/wp-json\/wp\/v2\/posts\/61","targetHints":{"allow":["GET"]}}],"collection":[{"href":"https:\/\/blocs.tinet.cat\/carmemas\/wp-json\/wp\/v2\/posts"}],"about":[{"href":"https:\/\/blocs.tinet.cat\/carmemas\/wp-json\/wp\/v2\/types\/post"}],"author":[{"embeddable":true,"href":"https:\/\/blocs.tinet.cat\/carmemas\/wp-json\/wp\/v2\/users\/99"}],"replies":[{"embeddable":true,"href":"https:\/\/blocs.tinet.cat\/carmemas\/wp-json\/wp\/v2\/comments?post=61"}],"version-history":[{"count":0,"href":"https:\/\/blocs.tinet.cat\/carmemas\/wp-json\/wp\/v2\/posts\/61\/revisions"}],"wp:attachment":[{"href":"https:\/\/blocs.tinet.cat\/carmemas\/wp-json\/wp\/v2\/media?parent=61"}],"wp:term":[{"taxonomy":"category","embeddable":true,"href":"https:\/\/blocs.tinet.cat\/carmemas\/wp-json\/wp\/v2\/categories?post=61"},{"taxonomy":"post_tag","embeddable":true,"href":"https:\/\/blocs.tinet.cat\/carmemas\/wp-json\/wp\/v2\/tags?post=61"}],"curies":[{"name":"wp","href":"https:\/\/api.w.org\/{rel}","templated":true}]}}