{"id":41,"date":"2011-09-13T20:12:59","date_gmt":"2011-09-13T18:12:59","guid":{"rendered":"https:\/\/blocs.tinet.cat\/caminsoblidats\/?p=41"},"modified":"2023-07-01T21:29:18","modified_gmt":"2023-07-01T19:29:18","slug":"la-febro-al-mas-dels-frares","status":"publish","type":"post","link":"https:\/\/blocs.tinet.cat\/caminsoblidats\/2011\/09\/13\/la-febro-al-mas-dels-frares\/","title":{"rendered":"El cam\u00ed de la Febr\u00f3 al Mas dels Frares"},"content":{"rendered":"<p>Aquest cam\u00ed deix\u00e0 de tenir sentit amb l&#8217;obertura de la carretera de la Febr\u00f3. Tanmateix, aquest itinerari es pot passar amb alguna petita dificultat en el sector m\u00e9s proper a la Febr\u00f3, que es veu que era transitat per algun ramat, tot i que actualment s&#8217;est\u00e0 tapant per la vegetaci\u00f3, fins a la carretera de la Mussara. Per sobre d&#8217;aquesta carretera, hi han molts trams totalment inaccessibles per la vegetaci\u00f3 i el seu rastre es troba totalment desdibuixat, o no l&#8217;he sabut localitzar.<\/p>\n<p>Per part d&#8217;aquest cam\u00ed hi va passar una marxa de regularitat de Catalunya.<\/p>\n<p><a rel=\"attachment wp-att-42\" href=\"https:\/\/blocs.tinet.cat\/caminsoblidats\/2011\/09\/13\/la-febro-al-mas-dels-frares\/febro-frares-3\/\"><img loading=\"lazy\" decoding=\"async\" class=\"alignnone size-full wp-image-42\" src=\"https:\/\/blocs.tinet.cat\/caminsoblidats\/files\/2011\/09\/Febr\u00f3-Frares-3.jpg\" alt=\"\" width=\"792\" height=\"599\" srcset=\"https:\/\/blocs.tinet.cat\/caminsoblidats\/files\/2011\/09\/Febr\u00f3-Frares-3.jpg 792w, https:\/\/blocs.tinet.cat\/caminsoblidats\/files\/2011\/09\/Febr\u00f3-Frares-3-300x226.jpg 300w\" sizes=\"auto, (max-width: 792px) 100vw, 792px\" \/><\/a><\/p>\n","protected":false},"excerpt":{"rendered":"<p>Aquest cam\u00ed deix\u00e0 de tenir sentit amb l&#8217;obertura de la carretera de la Febr\u00f3. Tanmateix, aquest itinerari es pot passar amb alguna petita dificultat en el sector m\u00e9s proper a la Febr\u00f3, que es veu que era transitat per algun &hellip; <a href=\"https:\/\/blocs.tinet.cat\/caminsoblidats\/2011\/09\/13\/la-febro-al-mas-dels-frares\/\">Continua llegint <span class=\"meta-nav\">&rarr;<\/span><\/a><\/p>\n","protected":false},"author":79,"featured_media":0,"comment_status":"open","ping_status":"open","sticky":false,"template":"","format":"standard","meta":{"footnotes":""},"categories":[1],"tags":[49,56,71],"class_list":["post-41","post","type-post","status-publish","format-standard","hentry","category-general","tag-cami","tag-febro","tag-mas-dels-frares"],"_links":{"self":[{"href":"https:\/\/blocs.tinet.cat\/caminsoblidats\/wp-json\/wp\/v2\/posts\/41","targetHints":{"allow":["GET"]}}],"collection":[{"href":"https:\/\/blocs.tinet.cat\/caminsoblidats\/wp-json\/wp\/v2\/posts"}],"about":[{"href":"https:\/\/blocs.tinet.cat\/caminsoblidats\/wp-json\/wp\/v2\/types\/post"}],"author":[{"embeddable":true,"href":"https:\/\/blocs.tinet.cat\/caminsoblidats\/wp-json\/wp\/v2\/users\/79"}],"replies":[{"embeddable":true,"href":"https:\/\/blocs.tinet.cat\/caminsoblidats\/wp-json\/wp\/v2\/comments?post=41"}],"version-history":[{"count":0,"href":"https:\/\/blocs.tinet.cat\/caminsoblidats\/wp-json\/wp\/v2\/posts\/41\/revisions"}],"wp:attachment":[{"href":"https:\/\/blocs.tinet.cat\/caminsoblidats\/wp-json\/wp\/v2\/media?parent=41"}],"wp:term":[{"taxonomy":"category","embeddable":true,"href":"https:\/\/blocs.tinet.cat\/caminsoblidats\/wp-json\/wp\/v2\/categories?post=41"},{"taxonomy":"post_tag","embeddable":true,"href":"https:\/\/blocs.tinet.cat\/caminsoblidats\/wp-json\/wp\/v2\/tags?post=41"}],"curies":[{"name":"wp","href":"https:\/\/api.w.org\/{rel}","templated":true}]}}