{"id":361,"date":"2016-08-04T21:24:37","date_gmt":"2016-08-04T19:24:37","guid":{"rendered":"https:\/\/blocs.tinet.cat\/caminsoblidats\/?p=361"},"modified":"2023-07-01T21:21:33","modified_gmt":"2023-07-01T19:21:33","slug":"obacfebro","status":"publish","type":"post","link":"https:\/\/blocs.tinet.cat\/caminsoblidats\/2016\/08\/04\/obacfebro\/","title":{"rendered":"El Cam\u00ed de l&#8217;Obac, a la Febr\u00f3"},"content":{"rendered":"<p style=\"text-align: justify\">L&#8217;Obac, pronunciat \/aub\u00e1c\/, \u00e9s una gran partida de terme que correspon amb el vessant N dels Plans de la Pona, entre la Roca del Migdia i la Punta. Dos camins hi porten des de la Febr\u00f3: el Cam\u00ed del Mas de l&#8217;Helena o del Cintet; i el Cam\u00ed del Mas dels Frares. El primer cam\u00ed puja fina a dalt dels Plans de la Pona, mentre que el segon, va planejant a mig vessant per anar rodejant la Punta.<\/p>\n<p style=\"text-align: justify\">Entre amb\u00f3s camins, un vell cam\u00ed creua per la part inferior de l&#8217;Obac, fent com de parti\u00f3 amb el Mas d&#8217;en Bella, una altra important partida de terme. Un altre cam\u00ed esborrat per \u00a0l&#8217;abandonament de l&#8217;explotaci\u00f3 del bosc. Es d\u00f3na el cas que per aquest cam\u00ed va passar l&#8217;any 1973, la 37ena Marxa de Regularitat de Catalunya, que van organitzar les entitats excursionistes de Reus.<\/p>\n<p style=\"text-align: justify\">El cam\u00ed est\u00e0 bastant perdut. Sovint es confon el seu tra\u00e7at amb els rastres d&#8217;arrossegament de troncs. Altres camins van derivant d&#8217;ell, cap a les antigues carboneres encara ben visibles.<\/p>\n<p style=\"text-align: justify\">I es passa a la vora de tres fonts, que es troben aliniades a la mateixa cota, com mostrant la pres\u00e8ncia de l&#8217;estrat geol\u00f2gic m\u00e9s impermeable que capta l&#8217;aigua del Motllat de la Pona i l&#8217;evacua cap aqueixa banda de la muntanya.<\/p>\n<p>La Font de la Salut, que encara omple la bassa vella on fa cap l&#8217;aigua:<\/p>\n<p><img loading=\"lazy\" decoding=\"async\" class=\"alignnone\" src=\"https:\/\/c6.staticflickr.com\/9\/8763\/28152230813_d8115cf9c4_b.jpg\" alt=\"\" width=\"800\" height=\"600\" \/><\/p>\n<p>&nbsp;<\/p>\n<p>La seg\u00fcent font \u00e9s la del Txurvi\u00f3, bonica surg\u00e8ncia amb una propera bassa ja perduda:<\/p>\n<p><img loading=\"lazy\" decoding=\"async\" class=\"aligncenter\" src=\"https:\/\/c7.staticflickr.com\/9\/8601\/28149571734_25c2544a12_b.jpg\" alt=\"\" width=\"533\" height=\"800\" \/><\/p>\n<p>I la Font de l&#8217;Arquer, enmig de la llera d&#8217;un barranquet:<\/p>\n<p><img loading=\"lazy\" decoding=\"async\" class=\"aligncenter\" src=\"https:\/\/c5.staticflickr.com\/9\/8877\/28149574244_683ee74890_b.jpg\" alt=\"\" width=\"600\" height=\"800\" \/><\/p>\n<p>&nbsp;<\/p>\n<p>&nbsp;<\/p>\n","protected":false},"excerpt":{"rendered":"<p>L&#8217;Obac, pronunciat \/aub\u00e1c\/, \u00e9s una gran partida de terme que correspon amb el vessant N dels Plans de la Pona, entre la Roca del Migdia i la Punta. Dos camins hi porten des de la Febr\u00f3: el Cam\u00ed del Mas &hellip; <a href=\"https:\/\/blocs.tinet.cat\/caminsoblidats\/2016\/08\/04\/obacfebro\/\">Continua llegint <span class=\"meta-nav\">&rarr;<\/span><\/a><\/p>\n","protected":false},"author":79,"featured_media":0,"comment_status":"open","ping_status":"open","sticky":false,"template":"","format":"standard","meta":{"footnotes":""},"categories":[1],"tags":[56,57],"class_list":["post-361","post","type-post","status-publish","format-standard","hentry","category-general","tag-febro","tag-motllats"],"_links":{"self":[{"href":"https:\/\/blocs.tinet.cat\/caminsoblidats\/wp-json\/wp\/v2\/posts\/361","targetHints":{"allow":["GET"]}}],"collection":[{"href":"https:\/\/blocs.tinet.cat\/caminsoblidats\/wp-json\/wp\/v2\/posts"}],"about":[{"href":"https:\/\/blocs.tinet.cat\/caminsoblidats\/wp-json\/wp\/v2\/types\/post"}],"author":[{"embeddable":true,"href":"https:\/\/blocs.tinet.cat\/caminsoblidats\/wp-json\/wp\/v2\/users\/79"}],"replies":[{"embeddable":true,"href":"https:\/\/blocs.tinet.cat\/caminsoblidats\/wp-json\/wp\/v2\/comments?post=361"}],"version-history":[{"count":0,"href":"https:\/\/blocs.tinet.cat\/caminsoblidats\/wp-json\/wp\/v2\/posts\/361\/revisions"}],"wp:attachment":[{"href":"https:\/\/blocs.tinet.cat\/caminsoblidats\/wp-json\/wp\/v2\/media?parent=361"}],"wp:term":[{"taxonomy":"category","embeddable":true,"href":"https:\/\/blocs.tinet.cat\/caminsoblidats\/wp-json\/wp\/v2\/categories?post=361"},{"taxonomy":"post_tag","embeddable":true,"href":"https:\/\/blocs.tinet.cat\/caminsoblidats\/wp-json\/wp\/v2\/tags?post=361"}],"curies":[{"name":"wp","href":"https:\/\/api.w.org\/{rel}","templated":true}]}}