{"id":31,"date":"2011-07-29T17:59:59","date_gmt":"2011-07-29T15:59:59","guid":{"rendered":"https:\/\/blocs.tinet.cat\/caminsoblidats\/?p=31"},"modified":"2023-07-01T21:29:18","modified_gmt":"2023-07-01T19:29:18","slug":"mussara-alforja","status":"publish","type":"post","link":"https:\/\/blocs.tinet.cat\/caminsoblidats\/2011\/07\/29\/mussara-alforja\/","title":{"rendered":"El cam\u00ed vell de la Mussara a Alforja"},"content":{"rendered":"<p>Aquest cam\u00ed fa molts anys que va caure en des\u00fas per la despoblaci\u00f3 dels masos de la Mussara i perqu\u00e8 s&#8217;implant\u00e0 la zona de tir del campament militar dels Castillejos. El cam\u00ed eixia de la Mussara vers la Font i davallava cap a Cal Manr\u00f3 i Cal Canet, tot planejant fins els masos d&#8217;en Roig i en Voltes. D&#8217;all\u00ed comen\u00e7ava la baixada del cingle blanc per anar a buscar el cam\u00ed de les Cingles, fins vora la Font de la Pedrola del Pu\u00e7o, i continuava davallant suaument. Ja en el terme d&#8217;Alforja, passava pel Mas d&#8217;en Cama i el mas de l&#8217;actual Granja escola de Mas Baget, des d&#8217;on s&#8217;arriba als terrenys urbanitzats de Portugal.<\/p>\n<p><a rel=\"attachment wp-att-32\" href=\"https:\/\/blocs.tinet.cat\/caminsoblidats\/2011\/07\/29\/mussara-alforja\/cami-vell-mussara-alforja-2\/\"><img loading=\"lazy\" decoding=\"async\" class=\"alignnone size-full wp-image-32\" src=\"https:\/\/blocs.tinet.cat\/caminsoblidats\/files\/2011\/07\/cami-vell-mussara-alforja-2.jpg\" alt=\"\" width=\"895\" height=\"611\" srcset=\"https:\/\/blocs.tinet.cat\/caminsoblidats\/files\/2011\/07\/cami-vell-mussara-alforja-2.jpg 895w, https:\/\/blocs.tinet.cat\/caminsoblidats\/files\/2011\/07\/cami-vell-mussara-alforja-2-300x204.jpg 300w\" sizes=\"auto, (max-width: 895px) 100vw, 895px\" \/><\/a><\/p>\n<p>&nbsp;<\/p>\n","protected":false},"excerpt":{"rendered":"<p>Aquest cam\u00ed fa molts anys que va caure en des\u00fas per la despoblaci\u00f3 dels masos de la Mussara i perqu\u00e8 s&#8217;implant\u00e0 la zona de tir del campament militar dels Castillejos. El cam\u00ed eixia de la Mussara vers la Font i &hellip; <a href=\"https:\/\/blocs.tinet.cat\/caminsoblidats\/2011\/07\/29\/mussara-alforja\/\">Continua llegint <span class=\"meta-nav\">&rarr;<\/span><\/a><\/p>\n","protected":false},"author":79,"featured_media":0,"comment_status":"open","ping_status":"open","sticky":false,"template":"","format":"standard","meta":{"footnotes":""},"categories":[1],"tags":[64,49,46,60],"class_list":["post-31","post","type-post","status-publish","format-standard","hentry","category-general","tag-alforja","tag-cami","tag-mussara","tag-vell"],"_links":{"self":[{"href":"https:\/\/blocs.tinet.cat\/caminsoblidats\/wp-json\/wp\/v2\/posts\/31","targetHints":{"allow":["GET"]}}],"collection":[{"href":"https:\/\/blocs.tinet.cat\/caminsoblidats\/wp-json\/wp\/v2\/posts"}],"about":[{"href":"https:\/\/blocs.tinet.cat\/caminsoblidats\/wp-json\/wp\/v2\/types\/post"}],"author":[{"embeddable":true,"href":"https:\/\/blocs.tinet.cat\/caminsoblidats\/wp-json\/wp\/v2\/users\/79"}],"replies":[{"embeddable":true,"href":"https:\/\/blocs.tinet.cat\/caminsoblidats\/wp-json\/wp\/v2\/comments?post=31"}],"version-history":[{"count":0,"href":"https:\/\/blocs.tinet.cat\/caminsoblidats\/wp-json\/wp\/v2\/posts\/31\/revisions"}],"wp:attachment":[{"href":"https:\/\/blocs.tinet.cat\/caminsoblidats\/wp-json\/wp\/v2\/media?parent=31"}],"wp:term":[{"taxonomy":"category","embeddable":true,"href":"https:\/\/blocs.tinet.cat\/caminsoblidats\/wp-json\/wp\/v2\/categories?post=31"},{"taxonomy":"post_tag","embeddable":true,"href":"https:\/\/blocs.tinet.cat\/caminsoblidats\/wp-json\/wp\/v2\/tags?post=31"}],"curies":[{"name":"wp","href":"https:\/\/api.w.org\/{rel}","templated":true}]}}