{"id":10,"date":"2011-07-18T14:56:56","date_gmt":"2011-07-18T12:56:56","guid":{"rendered":"https:\/\/blocs.tinet.cat\/caminsoblidats\/?p=10"},"modified":"2023-07-01T21:29:18","modified_gmt":"2023-07-01T19:29:18","slug":"vinyes","status":"publish","type":"post","link":"https:\/\/blocs.tinet.cat\/caminsoblidats\/2011\/07\/18\/vinyes\/","title":{"rendered":"El Cam\u00ed vell d&#8217;Arbol\u00ed al Mas d&#8217;en Vinyes"},"content":{"rendered":"<p>El Mas d&#8217;en Vinyes \u00e9s una de les grans masades de les Muntanyes de Prades. Es troba a prop del Coll d&#8217;Alforja, per on transcorre una de les m\u00e9s antigues vies de comunicaci\u00f3 del pa\u00eds, que comunica el Camp i Lleida.  El Mas d&#8217;en Vinyes estava comunicat amb Arbol\u00ed per un cam\u00ed de ferradura que actualment es troba bastant oblidat. El cam\u00ed \u00e9s planer, sense grans desnivells, adaptant-se com pertoca a la morfologia del terreny, tot buscant passar a gual el Riu d&#8217;Arbol\u00ed, ja a les envistes del poble. Era el cam\u00ed que feien les criatures dels masos de Vinyes, Vernet i Pau Maria per anar a escola a Arbol\u00ed.<\/p>\n<p>El cam\u00ed vell, des d&#8217;Arbol\u00ed, baixa per les Sorts, tot passant per la vora del bassot; i davalla per creuar el Riuet d&#8217;Arbol\u00ed, una mica aig\u00fces avall del Salt de la Pastorella. D&#8217;all\u00ed, el cam\u00ed va seguint el curs del Riuet d&#8217;Arbol\u00ed a certa al\u00e7ada, tot creuant el Barranc de Soler, seguidament el Barranc del Roig i finalment el Barranc del Xoles. Es van trobant corriols seguits per ca\u00e7adors per la batuda del senglar. Finalment el cam\u00ed va pujant vers el Mas del Gallar\u00ed. Passat el mas, modernament transformat, on resta a la intemp\u00e8ria el forn de l&#8217;antic mas, el cam\u00ed davalla cap a la Font, tot passant per un collet; s&#8217;est\u00e0 a la cap\u00e7alera del Barranc de la Font de Gallar\u00ed, per on baixa el cam\u00ed que comunica amb els molins de la Vall.<\/p>\n<p>El cam\u00ed fa un retomb per un roquissar emboscat per retornar cap els conreus del Mas d&#8217;en Vinyes. Es passa a tocar del Corralot del Zamora, que actualment torna a tenir un petit ramat de cabres, i poc despr\u00e9s es deixa a la dreta el Grau que comunicava amb el Mol\u00ed del Rac\u00f3.<\/p>\n<p>Ja s&#8217;\u00e9s a la vora del Mas d&#8217;en Vinyes, de Vernet i de Pau Maria, que fan un bonic conjunt de masades encara ben conservats, en aquest paisatge de masos enrunats.<\/p>\n<p>Dels masos, es pot agafar la pista que porta a la carretera, tot passant per la bassa de la Font del Pau Maria, i cap el Coll d&#8217;Alforja.<\/p>\n<p><img loading=\"lazy\" decoding=\"async\" class=\"alignnone\" src=\"https:\/\/farm3.staticflickr.com\/2924\/14035048098_f3de0d990c_o.jpg\" alt=\"\" width=\"800\" height=\"533\" \/><\/p>\n<p style=\"text-align: center\">El Salt de la Pastorella<\/p>\n<p style=\"text-align: center\"><img loading=\"lazy\" decoding=\"async\" class=\"alignnone\" src=\"https:\/\/farm8.staticflickr.com\/7304\/14116816543_b75658fa71_o.jpg\" alt=\"\" width=\"800\" height=\"533\" \/><\/p>\n<p style=\"text-align: center\">Cam\u00ed entre el Mas de Gallar\u00ed i la Font<\/p>\n<p style=\"text-align: center\"><img loading=\"lazy\" decoding=\"async\" class=\"alignnone aligncenter\" src=\"https:\/\/farm8.staticflickr.com\/7279\/13455063565_f195f5949d_o.jpg\" alt=\"\" width=\"800\" height=\"533\" \/>La Font de Gallar\u00ed<\/p>\n<p style=\"text-align: center\"><img loading=\"lazy\" decoding=\"async\" class=\"alignnone\" src=\"https:\/\/farm8.staticflickr.com\/7298\/13927108267_539f3e3576_o.jpg\" alt=\"\" width=\"800\" height=\"533\" \/><\/p>\n<p style=\"text-align: center\">El Mas de Pau Maria<\/p>\n<p style=\"text-align: center\"><img loading=\"lazy\" decoding=\"async\" class=\"alignnone\" src=\"https:\/\/farm3.staticflickr.com\/2900\/13927154800_692efcd66a_o.jpg\" alt=\"\" width=\"800\" height=\"533\" \/>El Mas d&#8217;en Vinyes<\/p>\n<p style=\"text-align: center\"><img loading=\"lazy\" decoding=\"async\" class=\"alignnone\" src=\"https:\/\/farm8.staticflickr.com\/7330\/14110713392_12f8bc4840_o.jpg\" alt=\"\" width=\"800\" height=\"533\" \/><\/p>\n<p style=\"text-align: center\">El Mas d&#8217;en Vernet<\/p>\n<p style=\"text-align: center\"><img loading=\"lazy\" decoding=\"async\" class=\"alignnone\" src=\"https:\/\/farm8.staticflickr.com\/7374\/13927290210_1ec43a18c0_o.jpg\" alt=\"\" width=\"800\" height=\"533\" \/><\/p>\n<p style=\"text-align: center\">La Font del Pau Maria<\/p>\n","protected":false},"excerpt":{"rendered":"<p>El Mas d&#8217;en Vinyes \u00e9s una de les grans masades de les Muntanyes de Prades. Es troba a prop del Coll d&#8217;Alforja, per on transcorre una de les m\u00e9s antigues vies de comunicaci\u00f3 del pa\u00eds, que comunica el Camp i &hellip; <a href=\"https:\/\/blocs.tinet.cat\/caminsoblidats\/2011\/07\/18\/vinyes\/\">Continua llegint <span class=\"meta-nav\">&rarr;<\/span><\/a><\/p>\n","protected":false},"author":79,"featured_media":0,"comment_status":"open","ping_status":"open","sticky":false,"template":"","format":"standard","meta":{"footnotes":""},"categories":[1],"tags":[64,53,49,60],"class_list":["post-10","post","type-post","status-publish","format-standard","hentry","category-general","tag-alforja","tag-arboli","tag-cami","tag-vell"],"_links":{"self":[{"href":"https:\/\/blocs.tinet.cat\/caminsoblidats\/wp-json\/wp\/v2\/posts\/10","targetHints":{"allow":["GET"]}}],"collection":[{"href":"https:\/\/blocs.tinet.cat\/caminsoblidats\/wp-json\/wp\/v2\/posts"}],"about":[{"href":"https:\/\/blocs.tinet.cat\/caminsoblidats\/wp-json\/wp\/v2\/types\/post"}],"author":[{"embeddable":true,"href":"https:\/\/blocs.tinet.cat\/caminsoblidats\/wp-json\/wp\/v2\/users\/79"}],"replies":[{"embeddable":true,"href":"https:\/\/blocs.tinet.cat\/caminsoblidats\/wp-json\/wp\/v2\/comments?post=10"}],"version-history":[{"count":0,"href":"https:\/\/blocs.tinet.cat\/caminsoblidats\/wp-json\/wp\/v2\/posts\/10\/revisions"}],"wp:attachment":[{"href":"https:\/\/blocs.tinet.cat\/caminsoblidats\/wp-json\/wp\/v2\/media?parent=10"}],"wp:term":[{"taxonomy":"category","embeddable":true,"href":"https:\/\/blocs.tinet.cat\/caminsoblidats\/wp-json\/wp\/v2\/categories?post=10"},{"taxonomy":"post_tag","embeddable":true,"href":"https:\/\/blocs.tinet.cat\/caminsoblidats\/wp-json\/wp\/v2\/tags?post=10"}],"curies":[{"name":"wp","href":"https:\/\/api.w.org\/{rel}","templated":true}]}}